{"id":1007,"date":"2022-11-30T16:23:04","date_gmt":"2022-11-30T16:23:04","guid":{"rendered":"https:\/\/www.cidaut.es\/acelerapyme\/?p=1007"},"modified":"2022-11-30T16:23:05","modified_gmt":"2022-11-30T16:23:05","slug":"el-gobierno-lanza-32-catedras-universidad-empresa-en-inteligencia-artificial-y-ciberseguridad","status":"publish","type":"post","link":"https:\/\/www.cidaut.es\/acelerapyme\/el-gobierno-lanza-32-catedras-universidad-empresa-en-inteligencia-artificial-y-ciberseguridad\/","title":{"rendered":"El Gobierno lanza 32 c\u00e1tedras universidad-empresa en Inteligencia Artificial y ciberseguridad"},"content":{"rendered":"\n<figure class=\"wp-block-image aligncenter size-full is-resized\"><img loading=\"lazy\" decoding=\"async\" src=\"https:\/\/www.cidaut.es\/acelerapyme\/wp-content\/uploads\/2022\/11\/catedras.jpeg\" alt=\"\" class=\"wp-image-1010\" width=\"700\" height=\"400\"\/><\/figure>\n\n\n\n<p>El Ministerio de Asuntos Econ\u00f3micos y Transformaci\u00f3n Digital, a trav\u00e9s de la Secretar\u00eda de Estado de Digitalizaci\u00f3n e Inteligencia Artificial, lanza una convocatoria para favorecer la transferencia de conocimiento entre las universidades y las empresas, impulsar el posicionamiento cient\u00edfico e internacional de las c\u00e1tedras espa\u00f1olas en Inteligencia Artificial y ciberseguridad, y mejorar la colaboraci\u00f3n entre entidades p\u00fablicas y privadas.<\/p>\n\n\n\n<p class=\"has-cyan-bluish-gray-color has-text-color\">Ministerio de Asuntos Econ\u00f3micos y Transformaci\u00f3n Digital<\/p>\n\n\n\n<p><\/p>\n\n\n\n<div class=\"wp-block-buttons is-layout-flex wp-block-buttons-is-layout-flex\">\n<div class=\"wp-block-button is-style-outline is-style-outline--1\"><a class=\"wp-block-button__link has-vivid-cyan-blue-color has-text-color wp-element-button\" href=\"https:\/\/portal.mineco.gob.es\/es-es\/comunicacion\/Paginas\/Gobierno-lanza-32-C%C3%A1tedras-universidad-empresa-IA-y-Ciberseguridad-.aspx\" style=\"border-radius:10px\">Leer<\/a><\/div>\n<\/div>\n","protected":false},"excerpt":{"rendered":"<p>El Ministerio de Asuntos Econ\u00f3micos y Transformaci\u00f3n Digital, a trav\u00e9s de la Secretar\u00eda de Estado de Digitalizaci\u00f3n e Inteligencia Artificial, lanza una convocatoria para favorecer la transferencia de conocimiento entre las universidades y las empresas, impulsar el posicionamiento cient\u00edfico e internacional de las c\u00e1tedras espa\u00f1olas en Inteligencia Artificial y ciberseguridad, y mejorar la colaboraci\u00f3n entre [&hellip;]<\/p>\n","protected":false},"author":3,"featured_media":0,"comment_status":"open","ping_status":"open","sticky":false,"template":"","format":"standard","meta":{"_et_pb_use_builder":"","_et_pb_old_content":"","_et_gb_content_width":"","footnotes":""},"categories":[3],"tags":[],"class_list":["post-1007","post","type-post","status-publish","format-standard","hentry","category-noticias"],"_links":{"self":[{"href":"https:\/\/www.cidaut.es\/acelerapyme\/wp-json\/wp\/v2\/posts\/1007","targetHints":{"allow":["GET"]}}],"collection":[{"href":"https:\/\/www.cidaut.es\/acelerapyme\/wp-json\/wp\/v2\/posts"}],"about":[{"href":"https:\/\/www.cidaut.es\/acelerapyme\/wp-json\/wp\/v2\/types\/post"}],"author":[{"embeddable":true,"href":"https:\/\/www.cidaut.es\/acelerapyme\/wp-json\/wp\/v2\/users\/3"}],"replies":[{"embeddable":true,"href":"https:\/\/www.cidaut.es\/acelerapyme\/wp-json\/wp\/v2\/comments?post=1007"}],"version-history":[{"count":2,"href":"https:\/\/www.cidaut.es\/acelerapyme\/wp-json\/wp\/v2\/posts\/1007\/revisions"}],"predecessor-version":[{"id":1056,"href":"https:\/\/www.cidaut.es\/acelerapyme\/wp-json\/wp\/v2\/posts\/1007\/revisions\/1056"}],"wp:attachment":[{"href":"https:\/\/www.cidaut.es\/acelerapyme\/wp-json\/wp\/v2\/media?parent=1007"}],"wp:term":[{"taxonomy":"category","embeddable":true,"href":"https:\/\/www.cidaut.es\/acelerapyme\/wp-json\/wp\/v2\/categories?post=1007"},{"taxonomy":"post_tag","embeddable":true,"href":"https:\/\/www.cidaut.es\/acelerapyme\/wp-json\/wp\/v2\/tags?post=1007"}],"curies":[{"name":"wp","href":"https:\/\/api.w.org\/{rel}","templated":true}]}}