{"id":1019,"date":"2022-11-30T16:24:10","date_gmt":"2022-11-30T16:24:10","guid":{"rendered":"https:\/\/www.cidaut.es\/acelerapyme\/?p=1019"},"modified":"2022-11-30T16:24:11","modified_gmt":"2022-11-30T16:24:11","slug":"el-gobierno-lanza-la-primera-convocatoria-de-la-iniciativa-generacion-digital-pymes-para-impulsar-la-formacion","status":"publish","type":"post","link":"https:\/\/www.cidaut.es\/acelerapyme\/el-gobierno-lanza-la-primera-convocatoria-de-la-iniciativa-generacion-digital-pymes-para-impulsar-la-formacion\/","title":{"rendered":"El Gobierno lanza la primera convocatoria de la iniciativa \u201cGeneraci\u00f3n Digital Pymes\u201d para impulsar la formaci\u00f3n"},"content":{"rendered":"\n<figure class=\"wp-block-image aligncenter size-full is-resized\"><img loading=\"lazy\" decoding=\"async\" src=\"https:\/\/www.cidaut.es\/acelerapyme\/wp-content\/uploads\/2022\/11\/generacion_digital-1.png\" alt=\"\" class=\"wp-image-1014\" width=\"700\" height=\"400\"\/><\/figure>\n\n\n\n<p>El Ministerio de Asuntos Econ\u00f3micos y Transformaci\u00f3n Digital y el Ministerio de Industria, Comercio y Turismo han publicado en el BOE dos \u00f3rdenes ministeriales por las que se establecen las bases reguladoras de la concesi\u00f3n de ayudas, as\u00ed como las primeras convocatorias, del Programa \u201cGeneraci\u00f3n Digital Pymes\u201d, que prev\u00e9n impulsar la formaci\u00f3n de directivos de pymes y agentes del cambio para afianzar la transformaci\u00f3n digital de la econom\u00eda espa\u00f1ola.<\/p>\n\n\n\n<p class=\"has-cyan-bluish-gray-color has-text-color\">Ministerio de Asuntos Econ\u00f3micos y Transformaci\u00f3n Digital<\/p>\n\n\n\n<p><\/p>\n\n\n\n<div class=\"wp-block-buttons is-layout-flex wp-block-buttons-is-layout-flex\">\n<div class=\"wp-block-button is-style-outline is-style-outline--1\"><a class=\"wp-block-button__link has-vivid-cyan-blue-color has-text-color wp-element-button\" href=\"https:\/\/portal.mineco.gob.es\/es-es\/comunicacion\/Paginas\/Generaci%C3%B3n-Digital-Pymes.aspx\" style=\"border-radius:10px\">Leer<\/a><\/div>\n<\/div>\n","protected":false},"excerpt":{"rendered":"<p>El Ministerio de Asuntos Econ\u00f3micos y Transformaci\u00f3n Digital y el Ministerio de Industria, Comercio y Turismo han publicado en el BOE dos \u00f3rdenes ministeriales por las que se establecen las bases reguladoras de la concesi\u00f3n de ayudas, as\u00ed como las primeras convocatorias, del Programa \u201cGeneraci\u00f3n Digital Pymes\u201d, que prev\u00e9n impulsar la formaci\u00f3n de directivos de [&hellip;]<\/p>\n","protected":false},"author":3,"featured_media":0,"comment_status":"open","ping_status":"open","sticky":false,"template":"","format":"standard","meta":{"_et_pb_use_builder":"","_et_pb_old_content":"","_et_gb_content_width":"","footnotes":""},"categories":[3],"tags":[],"class_list":["post-1019","post","type-post","status-publish","format-standard","hentry","category-noticias"],"_links":{"self":[{"href":"https:\/\/www.cidaut.es\/acelerapyme\/wp-json\/wp\/v2\/posts\/1019","targetHints":{"allow":["GET"]}}],"collection":[{"href":"https:\/\/www.cidaut.es\/acelerapyme\/wp-json\/wp\/v2\/posts"}],"about":[{"href":"https:\/\/www.cidaut.es\/acelerapyme\/wp-json\/wp\/v2\/types\/post"}],"author":[{"embeddable":true,"href":"https:\/\/www.cidaut.es\/acelerapyme\/wp-json\/wp\/v2\/users\/3"}],"replies":[{"embeddable":true,"href":"https:\/\/www.cidaut.es\/acelerapyme\/wp-json\/wp\/v2\/comments?post=1019"}],"version-history":[{"count":3,"href":"https:\/\/www.cidaut.es\/acelerapyme\/wp-json\/wp\/v2\/posts\/1019\/revisions"}],"predecessor-version":[{"id":1059,"href":"https:\/\/www.cidaut.es\/acelerapyme\/wp-json\/wp\/v2\/posts\/1019\/revisions\/1059"}],"wp:attachment":[{"href":"https:\/\/www.cidaut.es\/acelerapyme\/wp-json\/wp\/v2\/media?parent=1019"}],"wp:term":[{"taxonomy":"category","embeddable":true,"href":"https:\/\/www.cidaut.es\/acelerapyme\/wp-json\/wp\/v2\/categories?post=1019"},{"taxonomy":"post_tag","embeddable":true,"href":"https:\/\/www.cidaut.es\/acelerapyme\/wp-json\/wp\/v2\/tags?post=1019"}],"curies":[{"name":"wp","href":"https:\/\/api.w.org\/{rel}","templated":true}]}}