{"id":1023,"date":"2022-11-30T16:23:29","date_gmt":"2022-11-30T16:23:29","guid":{"rendered":"https:\/\/www.cidaut.es\/acelerapyme\/?p=1023"},"modified":"2022-11-30T16:23:30","modified_gmt":"2022-11-30T16:23:30","slug":"aprobado-el-reparto-de-295-millones-para-la-formacion-digital-basica-de-adultos-con-baja-cualificacion","status":"publish","type":"post","link":"https:\/\/www.cidaut.es\/acelerapyme\/aprobado-el-reparto-de-295-millones-para-la-formacion-digital-basica-de-adultos-con-baja-cualificacion\/","title":{"rendered":"Aprobado el reparto de 29,5 millones para la formaci\u00f3n digital b\u00e1sica de adultos con baja cualificaci\u00f3n"},"content":{"rendered":"\n<figure class=\"wp-block-image aligncenter size-full is-resized\"><img loading=\"lazy\" decoding=\"async\" src=\"https:\/\/www.cidaut.es\/acelerapyme\/wp-content\/uploads\/2022\/11\/formacion.png\" alt=\"\" class=\"wp-image-1013\" width=\"700\" height=\"400\"\/><\/figure>\n\n\n\n<p>El&nbsp;Consejo de Ministros&nbsp;ha aprobado la distribuci\u00f3n a las comunidades y ciudades aut\u00f3nomas de 29,5 millones de euros para crear una red de 1.050 centros de capacitaci\u00f3n digital. El prop\u00f3sito de la red de centros o aulas de capacitaci\u00f3n digital es ofrecer a toda la ciudadan\u00eda formaci\u00f3n no formal, b\u00e1sica y transversal para desenvolverse en una sociedad digitalizada, con independencia del lugar de residencia o de la formaci\u00f3n previa.<\/p>\n\n\n\n<p class=\"has-cyan-bluish-gray-color has-text-color\">Esmartcity<\/p>\n\n\n\n<p><\/p>\n\n\n\n<div class=\"wp-block-buttons is-layout-flex wp-block-buttons-is-layout-flex\">\n<div class=\"wp-block-button is-style-outline is-style-outline--1\"><a class=\"wp-block-button__link has-vivid-cyan-blue-color has-text-color wp-element-button\" href=\"https:\/\/www.esmartcity.es\/2022\/11\/17\/aprobada-reparto-29-5-millones-formacion-digital-basica-adultos-baja-cualificacion\" style=\"border-radius:10px\">Leer<\/a><\/div>\n<\/div>\n","protected":false},"excerpt":{"rendered":"<p>El&nbsp;Consejo de Ministros&nbsp;ha aprobado la distribuci\u00f3n a las comunidades y ciudades aut\u00f3nomas de 29,5 millones de euros para crear una red de 1.050 centros de capacitaci\u00f3n digital. El prop\u00f3sito de la red de centros o aulas de capacitaci\u00f3n digital es ofrecer a toda la ciudadan\u00eda formaci\u00f3n no formal, b\u00e1sica y transversal para desenvolverse en una [&hellip;]<\/p>\n","protected":false},"author":3,"featured_media":0,"comment_status":"open","ping_status":"open","sticky":false,"template":"","format":"standard","meta":{"_et_pb_use_builder":"","_et_pb_old_content":"","_et_gb_content_width":"","footnotes":""},"categories":[3],"tags":[],"class_list":["post-1023","post","type-post","status-publish","format-standard","hentry","category-noticias"],"_links":{"self":[{"href":"https:\/\/www.cidaut.es\/acelerapyme\/wp-json\/wp\/v2\/posts\/1023","targetHints":{"allow":["GET"]}}],"collection":[{"href":"https:\/\/www.cidaut.es\/acelerapyme\/wp-json\/wp\/v2\/posts"}],"about":[{"href":"https:\/\/www.cidaut.es\/acelerapyme\/wp-json\/wp\/v2\/types\/post"}],"author":[{"embeddable":true,"href":"https:\/\/www.cidaut.es\/acelerapyme\/wp-json\/wp\/v2\/users\/3"}],"replies":[{"embeddable":true,"href":"https:\/\/www.cidaut.es\/acelerapyme\/wp-json\/wp\/v2\/comments?post=1023"}],"version-history":[{"count":2,"href":"https:\/\/www.cidaut.es\/acelerapyme\/wp-json\/wp\/v2\/posts\/1023\/revisions"}],"predecessor-version":[{"id":1057,"href":"https:\/\/www.cidaut.es\/acelerapyme\/wp-json\/wp\/v2\/posts\/1023\/revisions\/1057"}],"wp:attachment":[{"href":"https:\/\/www.cidaut.es\/acelerapyme\/wp-json\/wp\/v2\/media?parent=1023"}],"wp:term":[{"taxonomy":"category","embeddable":true,"href":"https:\/\/www.cidaut.es\/acelerapyme\/wp-json\/wp\/v2\/categories?post=1023"},{"taxonomy":"post_tag","embeddable":true,"href":"https:\/\/www.cidaut.es\/acelerapyme\/wp-json\/wp\/v2\/tags?post=1023"}],"curies":[{"name":"wp","href":"https:\/\/api.w.org\/{rel}","templated":true}]}}