{"id":1046,"date":"2022-11-30T16:24:23","date_gmt":"2022-11-30T16:24:23","guid":{"rendered":"https:\/\/www.cidaut.es\/acelerapyme\/?p=1046"},"modified":"2022-11-30T16:24:42","modified_gmt":"2022-11-30T16:24:42","slug":"ayudas-para-la-adquisicion-de-dispositivos-digitales-2022-2023","status":"publish","type":"post","link":"https:\/\/www.cidaut.es\/acelerapyme\/ayudas-para-la-adquisicion-de-dispositivos-digitales-2022-2023\/","title":{"rendered":"Ayudas para la adquisici\u00f3n de dispositivos digitales 2022\/2023"},"content":{"rendered":"\n<figure class=\"wp-block-image aligncenter size-full is-resized\"><img loading=\"lazy\" decoding=\"async\" src=\"https:\/\/www.cidaut.es\/acelerapyme\/wp-content\/uploads\/2022\/11\/educacyl.png\" alt=\"\" class=\"wp-image-1047\" width=\"700\" height=\"400\"\/><\/figure>\n\n\n\n<p>El 23 de noviembre de 2022 se public\u00f3 en BOCYL el extracto de la Orden de 15 de noviembre de 2022, de la Consejer\u00eda de Educaci\u00f3n, por la que se convocan ayudas dirigidas a la adquisici\u00f3n de dispositivos digitales para su utilizaci\u00f3n por alumnado que curse determinadas ense\u00f1anzas no universitarias en centros docentes de la Comunidad de Castilla y Le\u00f3n para el curso escolar 2022-2023.<\/p>\n\n\n\n<p class=\"has-cyan-bluish-gray-color has-text-color\">Educacyl \u2013 Portal de Educaci\u00f3n de la Junta de Castilla y Le\u00f3n<\/p>\n\n\n\n<div class=\"wp-block-buttons is-layout-flex wp-block-buttons-is-layout-flex\">\n<div class=\"wp-block-button is-style-outline is-style-outline--1\"><a class=\"wp-block-button__link has-vivid-cyan-blue-color has-text-color wp-element-button\" href=\"https:\/\/www.educa.jcyl.es\/es\/becas_alumnado\/ayudas-adquisicion-dispositivos-digitales\/ayudas-adquisicion-dispositivos-digitales-2022-2023\/ayudas-adquisicion-dispositivos-digitales-2022-2023-convoca\" style=\"border-radius:10px\">Leer<\/a><\/div>\n<\/div>\n","protected":false},"excerpt":{"rendered":"<p>El 23 de noviembre de 2022 se public\u00f3 en BOCYL el extracto de la Orden de 15 de noviembre de 2022, de la Consejer\u00eda de Educaci\u00f3n, por la que se convocan ayudas dirigidas a la adquisici\u00f3n de dispositivos digitales para su utilizaci\u00f3n por alumnado que curse determinadas ense\u00f1anzas no universitarias en centros docentes de la [&hellip;]<\/p>\n","protected":false},"author":3,"featured_media":0,"comment_status":"open","ping_status":"open","sticky":false,"template":"","format":"standard","meta":{"_et_pb_use_builder":"","_et_pb_old_content":"","_et_gb_content_width":"","footnotes":""},"categories":[3],"tags":[],"class_list":["post-1046","post","type-post","status-publish","format-standard","hentry","category-noticias"],"_links":{"self":[{"href":"https:\/\/www.cidaut.es\/acelerapyme\/wp-json\/wp\/v2\/posts\/1046","targetHints":{"allow":["GET"]}}],"collection":[{"href":"https:\/\/www.cidaut.es\/acelerapyme\/wp-json\/wp\/v2\/posts"}],"about":[{"href":"https:\/\/www.cidaut.es\/acelerapyme\/wp-json\/wp\/v2\/types\/post"}],"author":[{"embeddable":true,"href":"https:\/\/www.cidaut.es\/acelerapyme\/wp-json\/wp\/v2\/users\/3"}],"replies":[{"embeddable":true,"href":"https:\/\/www.cidaut.es\/acelerapyme\/wp-json\/wp\/v2\/comments?post=1046"}],"version-history":[{"count":3,"href":"https:\/\/www.cidaut.es\/acelerapyme\/wp-json\/wp\/v2\/posts\/1046\/revisions"}],"predecessor-version":[{"id":1060,"href":"https:\/\/www.cidaut.es\/acelerapyme\/wp-json\/wp\/v2\/posts\/1046\/revisions\/1060"}],"wp:attachment":[{"href":"https:\/\/www.cidaut.es\/acelerapyme\/wp-json\/wp\/v2\/media?parent=1046"}],"wp:term":[{"taxonomy":"category","embeddable":true,"href":"https:\/\/www.cidaut.es\/acelerapyme\/wp-json\/wp\/v2\/categories?post=1046"},{"taxonomy":"post_tag","embeddable":true,"href":"https:\/\/www.cidaut.es\/acelerapyme\/wp-json\/wp\/v2\/tags?post=1046"}],"curies":[{"name":"wp","href":"https:\/\/api.w.org\/{rel}","templated":true}]}}