{"id":1061,"date":"2022-12-21T15:18:27","date_gmt":"2022-12-21T15:18:27","guid":{"rendered":"https:\/\/www.cidaut.es\/acelerapyme\/?p=1061"},"modified":"2022-12-21T15:18:28","modified_gmt":"2022-12-21T15:18:28","slug":"en-el-primer-semestre-de-2023-llegan-las-primeras-ayudas-del-perte-para-microchips","status":"publish","type":"post","link":"https:\/\/www.cidaut.es\/acelerapyme\/en-el-primer-semestre-de-2023-llegan-las-primeras-ayudas-del-perte-para-microchips\/","title":{"rendered":"En el primer semestre de 2023 llegan las primeras ayudas del PERTE para microchips"},"content":{"rendered":"\n<figure class=\"wp-block-image aligncenter size-full is-resized\"><img loading=\"lazy\" decoding=\"async\" src=\"https:\/\/www.cidaut.es\/acelerapyme\/wp-content\/uploads\/2022\/12\/perte_chip.jpg\" alt=\"\" class=\"wp-image-1071\" width=\"700\" height=\"400\"\/><\/figure>\n\n\n\n<p>Est\u00e1 previsto que, en el primer semestre de 2023, en el marco de ayudas de estado de la Uni\u00f3n Europea, se lancen las primeras convocatorias de ayudas del plan PERTE Chip. Previamente, en funci\u00f3n de las necesidades, se pondr\u00e1n en marcha consultas y Manifestaciones de Inter\u00e9s para acotar el \u00e1mbito de actuaci\u00f3n. Ser\u00e1 gestionado en buena medida (800 millones de euros) a trav\u00e9s de la SEPI, quedando el resto (450) como transferencias a empresas y CCAA.<\/p>\n\n\n\n<p class=\"has-cyan-bluish-gray-color has-text-color\">Silicon<\/p>\n\n\n\n<p><\/p>\n\n\n\n<div class=\"wp-block-buttons is-layout-flex wp-block-buttons-is-layout-flex\">\n<div class=\"wp-block-button is-style-outline is-style-outline--1\"><a class=\"wp-block-button__link has-vivid-cyan-blue-color has-text-color wp-element-button\" href=\"https:\/\/www.silicon.es\/en-el-primer-semestre-de-2023-llegan-las-primeras-ayudas-del-perte-para-microchips-2468408\" style=\"border-radius:10px\">Leer<\/a><\/div>\n<\/div>\n","protected":false},"excerpt":{"rendered":"<p>Est\u00e1 previsto que, en el primer semestre de 2023, en el marco de ayudas de estado de la Uni\u00f3n Europea, se lancen las primeras convocatorias de ayudas del plan PERTE Chip. Previamente, en funci\u00f3n de las necesidades, se pondr\u00e1n en marcha consultas y Manifestaciones de Inter\u00e9s para acotar el \u00e1mbito de actuaci\u00f3n. Ser\u00e1 gestionado en [&hellip;]<\/p>\n","protected":false},"author":3,"featured_media":0,"comment_status":"open","ping_status":"open","sticky":false,"template":"","format":"standard","meta":{"_et_pb_use_builder":"","_et_pb_old_content":"","_et_gb_content_width":"","footnotes":""},"categories":[3],"tags":[],"class_list":["post-1061","post","type-post","status-publish","format-standard","hentry","category-noticias"],"_links":{"self":[{"href":"https:\/\/www.cidaut.es\/acelerapyme\/wp-json\/wp\/v2\/posts\/1061","targetHints":{"allow":["GET"]}}],"collection":[{"href":"https:\/\/www.cidaut.es\/acelerapyme\/wp-json\/wp\/v2\/posts"}],"about":[{"href":"https:\/\/www.cidaut.es\/acelerapyme\/wp-json\/wp\/v2\/types\/post"}],"author":[{"embeddable":true,"href":"https:\/\/www.cidaut.es\/acelerapyme\/wp-json\/wp\/v2\/users\/3"}],"replies":[{"embeddable":true,"href":"https:\/\/www.cidaut.es\/acelerapyme\/wp-json\/wp\/v2\/comments?post=1061"}],"version-history":[{"count":3,"href":"https:\/\/www.cidaut.es\/acelerapyme\/wp-json\/wp\/v2\/posts\/1061\/revisions"}],"predecessor-version":[{"id":1074,"href":"https:\/\/www.cidaut.es\/acelerapyme\/wp-json\/wp\/v2\/posts\/1061\/revisions\/1074"}],"wp:attachment":[{"href":"https:\/\/www.cidaut.es\/acelerapyme\/wp-json\/wp\/v2\/media?parent=1061"}],"wp:term":[{"taxonomy":"category","embeddable":true,"href":"https:\/\/www.cidaut.es\/acelerapyme\/wp-json\/wp\/v2\/categories?post=1061"},{"taxonomy":"post_tag","embeddable":true,"href":"https:\/\/www.cidaut.es\/acelerapyme\/wp-json\/wp\/v2\/tags?post=1061"}],"curies":[{"name":"wp","href":"https:\/\/api.w.org\/{rel}","templated":true}]}}