{"id":1159,"date":"2023-01-31T14:32:53","date_gmt":"2023-01-31T14:32:53","guid":{"rendered":"https:\/\/www.cidaut.es\/acelerapyme\/?p=1159"},"modified":"2023-01-31T14:32:54","modified_gmt":"2023-01-31T14:32:54","slug":"5-tendencias-de-comunicacion-empresarial-para-2023","status":"publish","type":"post","link":"https:\/\/www.cidaut.es\/acelerapyme\/5-tendencias-de-comunicacion-empresarial-para-2023\/","title":{"rendered":"5 tendencias de comunicaci\u00f3n empresarial para 2023"},"content":{"rendered":"\n<figure class=\"wp-block-image aligncenter size-full is-resized\"><img loading=\"lazy\" decoding=\"async\" src=\"https:\/\/www.cidaut.es\/acelerapyme\/wp-content\/uploads\/2023\/01\/5-tendencia.jpg\" alt=\"\" class=\"wp-image-1136\" width=\"700\" height=\"400\"\/><\/figure>\n\n\n\n<p>Retarus ha identificado cinco tendencias que las empresas deber\u00edan tener en cuenta para su comunicaci\u00f3n empresarial en 2023, entre las que se encuentran: la ciberresiliencia como parte integral de la estrategia empresarial; \u2018Cloudificaci\u00f3n\u2019 sostenible de los modelos de negocio; la \u200b\u200bIntensificaci\u00f3n de la automatizaci\u00f3n en la cadena de suministro; Optimizar el recorrido del cliente y las normativas de protecci\u00f3n de datos cada vez m\u00e1s complejas.<\/p>\n\n\n\n<p class=\"has-cyan-bluish-gray-color has-text-color\">Silicon<\/p>\n\n\n\n<p><\/p>\n\n\n\n<div class=\"wp-block-buttons is-layout-flex wp-block-buttons-is-layout-flex\">\n<div class=\"wp-block-button is-style-outline is-style-outline--1\"><a class=\"wp-block-button__link has-vivid-cyan-blue-color has-text-color wp-element-button\" href=\"https:\/\/www.silicon.es\/5-tendencias-comunicacion-empresarial-para-2023-2470957\" style=\"border-radius:10px\">Leer<\/a><\/div>\n<\/div>\n","protected":false},"excerpt":{"rendered":"<p>Retarus ha identificado cinco tendencias que las empresas deber\u00edan tener en cuenta para su comunicaci\u00f3n empresarial en 2023, entre las que se encuentran: la ciberresiliencia como parte integral de la estrategia empresarial; \u2018Cloudificaci\u00f3n\u2019 sostenible de los modelos de negocio; la \u200b\u200bIntensificaci\u00f3n de la automatizaci\u00f3n en la cadena de suministro; Optimizar el recorrido del cliente y [&hellip;]<\/p>\n","protected":false},"author":3,"featured_media":0,"comment_status":"open","ping_status":"open","sticky":false,"template":"","format":"standard","meta":{"_et_pb_use_builder":"","_et_pb_old_content":"","_et_gb_content_width":"","footnotes":""},"categories":[3],"tags":[],"class_list":["post-1159","post","type-post","status-publish","format-standard","hentry","category-noticias"],"_links":{"self":[{"href":"https:\/\/www.cidaut.es\/acelerapyme\/wp-json\/wp\/v2\/posts\/1159","targetHints":{"allow":["GET"]}}],"collection":[{"href":"https:\/\/www.cidaut.es\/acelerapyme\/wp-json\/wp\/v2\/posts"}],"about":[{"href":"https:\/\/www.cidaut.es\/acelerapyme\/wp-json\/wp\/v2\/types\/post"}],"author":[{"embeddable":true,"href":"https:\/\/www.cidaut.es\/acelerapyme\/wp-json\/wp\/v2\/users\/3"}],"replies":[{"embeddable":true,"href":"https:\/\/www.cidaut.es\/acelerapyme\/wp-json\/wp\/v2\/comments?post=1159"}],"version-history":[{"count":2,"href":"https:\/\/www.cidaut.es\/acelerapyme\/wp-json\/wp\/v2\/posts\/1159\/revisions"}],"predecessor-version":[{"id":1180,"href":"https:\/\/www.cidaut.es\/acelerapyme\/wp-json\/wp\/v2\/posts\/1159\/revisions\/1180"}],"wp:attachment":[{"href":"https:\/\/www.cidaut.es\/acelerapyme\/wp-json\/wp\/v2\/media?parent=1159"}],"wp:term":[{"taxonomy":"category","embeddable":true,"href":"https:\/\/www.cidaut.es\/acelerapyme\/wp-json\/wp\/v2\/categories?post=1159"},{"taxonomy":"post_tag","embeddable":true,"href":"https:\/\/www.cidaut.es\/acelerapyme\/wp-json\/wp\/v2\/tags?post=1159"}],"curies":[{"name":"wp","href":"https:\/\/api.w.org\/{rel}","templated":true}]}}