{"id":1162,"date":"2023-01-31T14:31:50","date_gmt":"2023-01-31T14:31:50","guid":{"rendered":"https:\/\/www.cidaut.es\/acelerapyme\/?p=1162"},"modified":"2023-01-31T14:31:51","modified_gmt":"2023-01-31T14:31:51","slug":"la-digitalizacion-de-las-pymes-clave-para-el-crecimiento-economico-de-espana","status":"publish","type":"post","link":"https:\/\/www.cidaut.es\/acelerapyme\/la-digitalizacion-de-las-pymes-clave-para-el-crecimiento-economico-de-espana\/","title":{"rendered":"La digitalizaci\u00f3n de las pymes, clave para el crecimiento econ\u00f3mico de Espa\u00f1a"},"content":{"rendered":"\n<figure class=\"wp-block-image aligncenter size-full is-resized\"><img loading=\"lazy\" decoding=\"async\" src=\"https:\/\/www.cidaut.es\/acelerapyme\/wp-content\/uploads\/2023\/01\/oficina.jpg\" alt=\"\" class=\"wp-image-1143\" width=\"700\" height=\"400\"\/><\/figure>\n\n\n\n<p>Las pymes ser\u00e1n un motor de crecimiento para la econom\u00eda de aqu\u00ed a 2025. Seg\u00fan el estudio&nbsp;SMBs Driving Economy Recovery&nbsp;de Sage y CEBR, las&nbsp;peque\u00f1as y medianas empresas se mantienen resilientes. Est\u00e1 previsto que entre 2022 y&nbsp;2025&nbsp;el n\u00famero de pymes espa\u00f1olas&nbsp;crezca en 63 000, lo que acercar\u00e1 el total a los&nbsp;2,8 millones. Esto, de media, supone un aumento interanual del 0,8 %.<\/p>\n\n\n\n<p class=\"has-cyan-bluish-gray-color has-text-color\">Silicon<\/p>\n\n\n\n<p><\/p>\n\n\n\n<div class=\"wp-block-buttons is-layout-flex wp-block-buttons-is-layout-flex\">\n<div class=\"wp-block-button is-style-outline is-style-outline--1\"><a class=\"wp-block-button__link has-vivid-cyan-blue-color has-text-color wp-element-button\" href=\"https:\/\/www.silicon.es\/la-digitalizacion-de-las-pymes-clave-para-el-crecimiento-economico-de-espana-2470811\" style=\"border-radius:10px\">Leer<\/a><\/div>\n<\/div>\n","protected":false},"excerpt":{"rendered":"<p>Las pymes ser\u00e1n un motor de crecimiento para la econom\u00eda de aqu\u00ed a 2025. Seg\u00fan el estudio&nbsp;SMBs Driving Economy Recovery&nbsp;de Sage y CEBR, las&nbsp;peque\u00f1as y medianas empresas se mantienen resilientes. Est\u00e1 previsto que entre 2022 y&nbsp;2025&nbsp;el n\u00famero de pymes espa\u00f1olas&nbsp;crezca en 63 000, lo que acercar\u00e1 el total a los&nbsp;2,8 millones. Esto, de media, supone [&hellip;]<\/p>\n","protected":false},"author":3,"featured_media":0,"comment_status":"open","ping_status":"open","sticky":false,"template":"","format":"standard","meta":{"_et_pb_use_builder":"","_et_pb_old_content":"","_et_gb_content_width":"","footnotes":""},"categories":[3],"tags":[],"class_list":["post-1162","post","type-post","status-publish","format-standard","hentry","category-noticias"],"_links":{"self":[{"href":"https:\/\/www.cidaut.es\/acelerapyme\/wp-json\/wp\/v2\/posts\/1162","targetHints":{"allow":["GET"]}}],"collection":[{"href":"https:\/\/www.cidaut.es\/acelerapyme\/wp-json\/wp\/v2\/posts"}],"about":[{"href":"https:\/\/www.cidaut.es\/acelerapyme\/wp-json\/wp\/v2\/types\/post"}],"author":[{"embeddable":true,"href":"https:\/\/www.cidaut.es\/acelerapyme\/wp-json\/wp\/v2\/users\/3"}],"replies":[{"embeddable":true,"href":"https:\/\/www.cidaut.es\/acelerapyme\/wp-json\/wp\/v2\/comments?post=1162"}],"version-history":[{"count":1,"href":"https:\/\/www.cidaut.es\/acelerapyme\/wp-json\/wp\/v2\/posts\/1162\/revisions"}],"predecessor-version":[{"id":1163,"href":"https:\/\/www.cidaut.es\/acelerapyme\/wp-json\/wp\/v2\/posts\/1162\/revisions\/1163"}],"wp:attachment":[{"href":"https:\/\/www.cidaut.es\/acelerapyme\/wp-json\/wp\/v2\/media?parent=1162"}],"wp:term":[{"taxonomy":"category","embeddable":true,"href":"https:\/\/www.cidaut.es\/acelerapyme\/wp-json\/wp\/v2\/categories?post=1162"},{"taxonomy":"post_tag","embeddable":true,"href":"https:\/\/www.cidaut.es\/acelerapyme\/wp-json\/wp\/v2\/tags?post=1162"}],"curies":[{"name":"wp","href":"https:\/\/api.w.org\/{rel}","templated":true}]}}