{"id":1175,"date":"2023-01-31T14:33:59","date_gmt":"2023-01-31T14:33:59","guid":{"rendered":"https:\/\/www.cidaut.es\/acelerapyme\/?p=1175"},"modified":"2023-01-31T14:34:00","modified_gmt":"2023-01-31T14:34:00","slug":"el-gobierno-convoca-60-millones-en-ayudas-para-proyectos-5g-en-sectores-tractores-de-la-economia","status":"publish","type":"post","link":"https:\/\/www.cidaut.es\/acelerapyme\/el-gobierno-convoca-60-millones-en-ayudas-para-proyectos-5g-en-sectores-tractores-de-la-economia\/","title":{"rendered":"El Gobierno convoca 60 millones en ayudas para proyectos 5G en sectores tractores de la econom\u00eda"},"content":{"rendered":"\n<figure class=\"wp-block-image aligncenter size-full is-resized\"><img loading=\"lazy\" decoding=\"async\" src=\"https:\/\/www.cidaut.es\/acelerapyme\/wp-content\/uploads\/2023\/01\/5g.jpeg\" alt=\"\" class=\"wp-image-1135\" width=\"700\" height=\"400\"\/><\/figure>\n\n\n\n<p>El&nbsp;Ministerio de Asuntos Econ\u00f3micos y Transformaci\u00f3n Digital ha presentado la segunda convocatoria del programa UNICO 5G Sectorial para 2023. Las solicitudes podr\u00e1n presentarse a partir del 13 de febrero hasta el 3 de marzo, destinadas a promover el desarrollo de proyectos 5G que impulsen sectores tractores de la econom\u00eda espa\u00f1ola como el turismo, la agricultura, la seguridad, y el veh\u00edculo conectado, entre otros.<\/p>\n\n\n\n<p class=\"has-cyan-bluish-gray-color has-text-color\">Interempresas<\/p>\n\n\n\n<p><\/p>\n\n\n\n<div class=\"wp-block-buttons is-layout-flex wp-block-buttons-is-layout-flex\">\n<div class=\"wp-block-button is-style-outline is-style-outline--1\"><a class=\"wp-block-button__link has-vivid-cyan-blue-color has-text-color wp-element-button\" href=\"https:\/\/www.interempresas.net\/Smart_Cities\/Articulos\/463426-Gobierno-convoca-60-millones-ayudas-para-proyectos-5G-sectores-tractores-economia.html\" style=\"border-radius:10px\">Leer<\/a><\/div>\n<\/div>\n","protected":false},"excerpt":{"rendered":"<p>El&nbsp;Ministerio de Asuntos Econ\u00f3micos y Transformaci\u00f3n Digital ha presentado la segunda convocatoria del programa UNICO 5G Sectorial para 2023. Las solicitudes podr\u00e1n presentarse a partir del 13 de febrero hasta el 3 de marzo, destinadas a promover el desarrollo de proyectos 5G que impulsen sectores tractores de la econom\u00eda espa\u00f1ola como el turismo, la agricultura, [&hellip;]<\/p>\n","protected":false},"author":3,"featured_media":0,"comment_status":"open","ping_status":"open","sticky":false,"template":"","format":"standard","meta":{"_et_pb_use_builder":"","_et_pb_old_content":"","_et_gb_content_width":"","footnotes":""},"categories":[3],"tags":[],"class_list":["post-1175","post","type-post","status-publish","format-standard","hentry","category-noticias"],"_links":{"self":[{"href":"https:\/\/www.cidaut.es\/acelerapyme\/wp-json\/wp\/v2\/posts\/1175","targetHints":{"allow":["GET"]}}],"collection":[{"href":"https:\/\/www.cidaut.es\/acelerapyme\/wp-json\/wp\/v2\/posts"}],"about":[{"href":"https:\/\/www.cidaut.es\/acelerapyme\/wp-json\/wp\/v2\/types\/post"}],"author":[{"embeddable":true,"href":"https:\/\/www.cidaut.es\/acelerapyme\/wp-json\/wp\/v2\/users\/3"}],"replies":[{"embeddable":true,"href":"https:\/\/www.cidaut.es\/acelerapyme\/wp-json\/wp\/v2\/comments?post=1175"}],"version-history":[{"count":1,"href":"https:\/\/www.cidaut.es\/acelerapyme\/wp-json\/wp\/v2\/posts\/1175\/revisions"}],"predecessor-version":[{"id":1176,"href":"https:\/\/www.cidaut.es\/acelerapyme\/wp-json\/wp\/v2\/posts\/1175\/revisions\/1176"}],"wp:attachment":[{"href":"https:\/\/www.cidaut.es\/acelerapyme\/wp-json\/wp\/v2\/media?parent=1175"}],"wp:term":[{"taxonomy":"category","embeddable":true,"href":"https:\/\/www.cidaut.es\/acelerapyme\/wp-json\/wp\/v2\/categories?post=1175"},{"taxonomy":"post_tag","embeddable":true,"href":"https:\/\/www.cidaut.es\/acelerapyme\/wp-json\/wp\/v2\/tags?post=1175"}],"curies":[{"name":"wp","href":"https:\/\/api.w.org\/{rel}","templated":true}]}}