{"id":1218,"date":"2023-02-27T15:04:39","date_gmt":"2023-02-27T15:04:39","guid":{"rendered":"https:\/\/www.cidaut.es\/acelerapyme\/?p=1218"},"modified":"2023-02-27T15:04:39","modified_gmt":"2023-02-27T15:04:39","slug":"llega-el-primer-observatorio-del-metaverso-y-empresas-de-espana","status":"publish","type":"post","link":"https:\/\/www.cidaut.es\/acelerapyme\/llega-el-primer-observatorio-del-metaverso-y-empresas-de-espana\/","title":{"rendered":"Llega el Primer Observatorio del Metaverso y Empresas de Espa\u00f1a"},"content":{"rendered":"\n<figure class=\"wp-block-image aligncenter size-full is-resized\"><img loading=\"lazy\" decoding=\"async\" src=\"https:\/\/www.cidaut.es\/acelerapyme\/wp-content\/uploads\/2023\/02\/observatorio-metaverso.jpg\" alt=\"\" class=\"wp-image-1219\" width=\"700\" height=\"400\"\/><\/figure>\n\n\n\n<p>ISDI presenta el \u2018Primer Observatorio del Metaverso y Empresas de Espa\u00f1a\u2019, un informe donde analiza cu\u00e1l es la situaci\u00f3n del metaverso en el pa\u00eds despu\u00e9s de su primer a\u00f1o de vida. C\u00f3mo ha cambiado la realidad, el desarrollo de las empresas y la forma de hacer negocios; c\u00f3mo la implementaci\u00f3n de estas innovaciones han impactado de lleno en su productividad; la relaci\u00f3n con el consumidor, as\u00ed como la estructura y capacitaci\u00f3n de talento interno o la inversi\u00f3n en innovaci\u00f3n, entre otros aspectos.<\/p>\n\n\n\n<p class=\"has-cyan-bluish-gray-color has-text-color\">Silicon<\/p>\n\n\n\n<p><\/p>\n\n\n\n<div class=\"wp-block-buttons is-layout-flex wp-block-buttons-is-layout-flex\">\n<div class=\"wp-block-button is-style-outline is-style-outline--1\"><a class=\"wp-block-button__link has-vivid-cyan-blue-color has-text-color wp-element-button\" href=\"https:\/\/www.silicon.es\/llega-el-primer-observatorio-del-metaverso-y-empresas-de-espana-2472953\" style=\"border-radius:10px\">Leer<\/a><\/div>\n<\/div>\n","protected":false},"excerpt":{"rendered":"<p>ISDI presenta el \u2018Primer Observatorio del Metaverso y Empresas de Espa\u00f1a\u2019, un informe donde analiza cu\u00e1l es la situaci\u00f3n del metaverso en el pa\u00eds despu\u00e9s de su primer a\u00f1o de vida. C\u00f3mo ha cambiado la realidad, el desarrollo de las empresas y la forma de hacer negocios; c\u00f3mo la implementaci\u00f3n de estas innovaciones han impactado [&hellip;]<\/p>\n","protected":false},"author":3,"featured_media":0,"comment_status":"open","ping_status":"open","sticky":false,"template":"","format":"standard","meta":{"_et_pb_use_builder":"","_et_pb_old_content":"","_et_gb_content_width":"","footnotes":""},"categories":[3],"tags":[],"class_list":["post-1218","post","type-post","status-publish","format-standard","hentry","category-noticias"],"_links":{"self":[{"href":"https:\/\/www.cidaut.es\/acelerapyme\/wp-json\/wp\/v2\/posts\/1218","targetHints":{"allow":["GET"]}}],"collection":[{"href":"https:\/\/www.cidaut.es\/acelerapyme\/wp-json\/wp\/v2\/posts"}],"about":[{"href":"https:\/\/www.cidaut.es\/acelerapyme\/wp-json\/wp\/v2\/types\/post"}],"author":[{"embeddable":true,"href":"https:\/\/www.cidaut.es\/acelerapyme\/wp-json\/wp\/v2\/users\/3"}],"replies":[{"embeddable":true,"href":"https:\/\/www.cidaut.es\/acelerapyme\/wp-json\/wp\/v2\/comments?post=1218"}],"version-history":[{"count":1,"href":"https:\/\/www.cidaut.es\/acelerapyme\/wp-json\/wp\/v2\/posts\/1218\/revisions"}],"predecessor-version":[{"id":1220,"href":"https:\/\/www.cidaut.es\/acelerapyme\/wp-json\/wp\/v2\/posts\/1218\/revisions\/1220"}],"wp:attachment":[{"href":"https:\/\/www.cidaut.es\/acelerapyme\/wp-json\/wp\/v2\/media?parent=1218"}],"wp:term":[{"taxonomy":"category","embeddable":true,"href":"https:\/\/www.cidaut.es\/acelerapyme\/wp-json\/wp\/v2\/categories?post=1218"},{"taxonomy":"post_tag","embeddable":true,"href":"https:\/\/www.cidaut.es\/acelerapyme\/wp-json\/wp\/v2\/tags?post=1218"}],"curies":[{"name":"wp","href":"https:\/\/api.w.org\/{rel}","templated":true}]}}