{"id":1234,"date":"2023-02-27T15:05:59","date_gmt":"2023-02-27T15:05:59","guid":{"rendered":"https:\/\/www.cidaut.es\/acelerapyme\/?p=1234"},"modified":"2023-02-27T15:06:00","modified_gmt":"2023-02-27T15:06:00","slug":"el-gobierno-negocia-con-europa-abrir-un-nuevo-tramo-del-kit-digital-para-empresas-de-mas-de-50-trabajadores","status":"publish","type":"post","link":"https:\/\/www.cidaut.es\/acelerapyme\/el-gobierno-negocia-con-europa-abrir-un-nuevo-tramo-del-kit-digital-para-empresas-de-mas-de-50-trabajadores\/","title":{"rendered":"El Gobierno negocia con Europa abrir un nuevo tramo del Kit Digital para empresas de m\u00e1s de 50 trabajadores"},"content":{"rendered":"\n<figure class=\"wp-block-image aligncenter size-full is-resized\"><img loading=\"lazy\" decoding=\"async\" src=\"https:\/\/www.cidaut.es\/acelerapyme\/wp-content\/uploads\/2023\/02\/kitdigital.jpg\" alt=\"\" class=\"wp-image-1202\" width=\"700\" height=\"400\"\/><\/figure>\n\n\n\n<p>Carme Artigas, secretaria de Estado de Digitalizaci\u00f3n e Inteligencia Artificial, ha avanzado que el Gobierno&nbsp;pedir\u00e1 a Bruselas ampliar las ayudas del Kit Digital para abarcar a empresas medias de m\u00e1s de 50 trabajadores&nbsp;en la Adenda del&nbsp;Plan de Recuperaci\u00f3n, Transformaci\u00f3n y Resiliencia, de llegar a un acuerdo con la Uni\u00f3n Europea,&nbsp;este tramo se lanzar\u00e1 en&nbsp;2024.&nbsp;Artigas tambi\u00e9n ha avanzado que tienen previsto a\u00f1adir una cuarta fase de ayudas destinadas a la digitalizaci\u00f3n de comunidades de bienes y sociedades civiles \u00abpr\u00f3ximamente\u00bb.<\/p>\n\n\n\n<p class=\"has-cyan-bluish-gray-color has-text-color\">El Espa\u00f1ol<\/p>\n\n\n\n<p><\/p>\n\n\n\n<div class=\"wp-block-buttons is-layout-flex wp-block-buttons-is-layout-flex\">\n<div class=\"wp-block-button is-style-outline is-style-outline--1\"><a class=\"wp-block-button__link has-vivid-cyan-blue-color has-text-color wp-element-button\" href=\"https:\/\/www.elespanol.com\/invertia\/disruptores-innovadores\/politica-digital\/20230216\/gobierno-negocia-europa-kit-digital-empresas-trabajadores\/741676191_0.html\" style=\"border-radius:10px\">Leer<\/a><\/div>\n<\/div>\n","protected":false},"excerpt":{"rendered":"<p>Carme Artigas, secretaria de Estado de Digitalizaci\u00f3n e Inteligencia Artificial, ha avanzado que el Gobierno&nbsp;pedir\u00e1 a Bruselas ampliar las ayudas del Kit Digital para abarcar a empresas medias de m\u00e1s de 50 trabajadores&nbsp;en la Adenda del&nbsp;Plan de Recuperaci\u00f3n, Transformaci\u00f3n y Resiliencia, de llegar a un acuerdo con la Uni\u00f3n Europea,&nbsp;este tramo se lanzar\u00e1 en&nbsp;2024.&nbsp;Artigas tambi\u00e9n [&hellip;]<\/p>\n","protected":false},"author":3,"featured_media":0,"comment_status":"open","ping_status":"open","sticky":false,"template":"","format":"standard","meta":{"_et_pb_use_builder":"","_et_pb_old_content":"","_et_gb_content_width":"","footnotes":""},"categories":[3],"tags":[],"class_list":["post-1234","post","type-post","status-publish","format-standard","hentry","category-noticias"],"_links":{"self":[{"href":"https:\/\/www.cidaut.es\/acelerapyme\/wp-json\/wp\/v2\/posts\/1234","targetHints":{"allow":["GET"]}}],"collection":[{"href":"https:\/\/www.cidaut.es\/acelerapyme\/wp-json\/wp\/v2\/posts"}],"about":[{"href":"https:\/\/www.cidaut.es\/acelerapyme\/wp-json\/wp\/v2\/types\/post"}],"author":[{"embeddable":true,"href":"https:\/\/www.cidaut.es\/acelerapyme\/wp-json\/wp\/v2\/users\/3"}],"replies":[{"embeddable":true,"href":"https:\/\/www.cidaut.es\/acelerapyme\/wp-json\/wp\/v2\/comments?post=1234"}],"version-history":[{"count":1,"href":"https:\/\/www.cidaut.es\/acelerapyme\/wp-json\/wp\/v2\/posts\/1234\/revisions"}],"predecessor-version":[{"id":1235,"href":"https:\/\/www.cidaut.es\/acelerapyme\/wp-json\/wp\/v2\/posts\/1234\/revisions\/1235"}],"wp:attachment":[{"href":"https:\/\/www.cidaut.es\/acelerapyme\/wp-json\/wp\/v2\/media?parent=1234"}],"wp:term":[{"taxonomy":"category","embeddable":true,"href":"https:\/\/www.cidaut.es\/acelerapyme\/wp-json\/wp\/v2\/categories?post=1234"},{"taxonomy":"post_tag","embeddable":true,"href":"https:\/\/www.cidaut.es\/acelerapyme\/wp-json\/wp\/v2\/tags?post=1234"}],"curies":[{"name":"wp","href":"https:\/\/api.w.org\/{rel}","templated":true}]}}