{"id":1276,"date":"2023-03-30T14:09:31","date_gmt":"2023-03-30T14:09:31","guid":{"rendered":"https:\/\/www.cidaut.es\/acelerapyme\/?p=1276"},"modified":"2023-03-30T14:09:32","modified_gmt":"2023-03-30T14:09:32","slug":"abierta-la-convocatoria-de-ayudas-unico-id-6g-2023-por-valor-de-62-millones-de-euros","status":"publish","type":"post","link":"https:\/\/www.cidaut.es\/acelerapyme\/abierta-la-convocatoria-de-ayudas-unico-id-6g-2023-por-valor-de-62-millones-de-euros\/","title":{"rendered":"Abierta la convocatoria de ayudas Unico I+D 6G 2023 por valor de 62 millones de euros"},"content":{"rendered":"\n<figure class=\"wp-block-image aligncenter size-full is-resized\"><img loading=\"lazy\" decoding=\"async\" src=\"https:\/\/www.cidaut.es\/acelerapyme\/wp-content\/uploads\/2023\/03\/ayudas-5g-6g.png\" alt=\"\" class=\"wp-image-1273\" width=\"700\" height=\"400\"\/><\/figure>\n\n\n\n<p>El Ministerio de Asuntos Econ\u00f3micos y Transformaci\u00f3n Digital (<a href=\"https:\/\/portal.mineco.gob.es\/es-es\" target=\"_blank\" rel=\"noreferrer noopener\">Mineco<\/a>) ha abierto el plazo para solicitar las ayudas por valor de 62 millones de euros del Programa de Universalizaci\u00f3n de Infraestructuras Digitales para la Cohesi\u00f3n (Unico) I+D 6G 2023, destinadas a universidades, centros p\u00fablicos de investigaci\u00f3n y empresas para proyectos de I+D+i en 5G avanzado y 6G. La fecha l\u00edmite para presentar solicitudes es el 13 de abril de 2023.<\/p>\n\n\n\n<p class=\"has-cyan-bluish-gray-color has-text-color\">Esmartcity<\/p>\n\n\n\n<p><\/p>\n\n\n\n<div class=\"wp-block-buttons is-layout-flex wp-block-buttons-is-layout-flex\">\n<div class=\"wp-block-button is-style-outline is-style-outline--1\"><a class=\"wp-block-button__link has-vivid-cyan-blue-color has-text-color wp-element-button\" href=\"https:\/\/www.esmartcity.es\/2023\/03\/27\/abierta-convocatoria-ayudas-unico-id-6g-2023-valor-62-millones-euros\" style=\"border-radius:10px\">Leer<\/a><\/div>\n<\/div>\n","protected":false},"excerpt":{"rendered":"<p>El Ministerio de Asuntos Econ\u00f3micos y Transformaci\u00f3n Digital (Mineco) ha abierto el plazo para solicitar las ayudas por valor de 62 millones de euros del Programa de Universalizaci\u00f3n de Infraestructuras Digitales para la Cohesi\u00f3n (Unico) I+D 6G 2023, destinadas a universidades, centros p\u00fablicos de investigaci\u00f3n y empresas para proyectos de I+D+i en 5G avanzado y [&hellip;]<\/p>\n","protected":false},"author":3,"featured_media":0,"comment_status":"open","ping_status":"open","sticky":false,"template":"","format":"standard","meta":{"_et_pb_use_builder":"","_et_pb_old_content":"","_et_gb_content_width":"","footnotes":""},"categories":[3],"tags":[],"class_list":["post-1276","post","type-post","status-publish","format-standard","hentry","category-noticias"],"_links":{"self":[{"href":"https:\/\/www.cidaut.es\/acelerapyme\/wp-json\/wp\/v2\/posts\/1276","targetHints":{"allow":["GET"]}}],"collection":[{"href":"https:\/\/www.cidaut.es\/acelerapyme\/wp-json\/wp\/v2\/posts"}],"about":[{"href":"https:\/\/www.cidaut.es\/acelerapyme\/wp-json\/wp\/v2\/types\/post"}],"author":[{"embeddable":true,"href":"https:\/\/www.cidaut.es\/acelerapyme\/wp-json\/wp\/v2\/users\/3"}],"replies":[{"embeddable":true,"href":"https:\/\/www.cidaut.es\/acelerapyme\/wp-json\/wp\/v2\/comments?post=1276"}],"version-history":[{"count":1,"href":"https:\/\/www.cidaut.es\/acelerapyme\/wp-json\/wp\/v2\/posts\/1276\/revisions"}],"predecessor-version":[{"id":1277,"href":"https:\/\/www.cidaut.es\/acelerapyme\/wp-json\/wp\/v2\/posts\/1276\/revisions\/1277"}],"wp:attachment":[{"href":"https:\/\/www.cidaut.es\/acelerapyme\/wp-json\/wp\/v2\/media?parent=1276"}],"wp:term":[{"taxonomy":"category","embeddable":true,"href":"https:\/\/www.cidaut.es\/acelerapyme\/wp-json\/wp\/v2\/categories?post=1276"},{"taxonomy":"post_tag","embeddable":true,"href":"https:\/\/www.cidaut.es\/acelerapyme\/wp-json\/wp\/v2\/tags?post=1276"}],"curies":[{"name":"wp","href":"https:\/\/api.w.org\/{rel}","templated":true}]}}