{"id":1290,"date":"2023-03-30T14:07:54","date_gmt":"2023-03-30T14:07:54","guid":{"rendered":"https:\/\/www.cidaut.es\/acelerapyme\/?p=1290"},"modified":"2023-03-30T14:08:57","modified_gmt":"2023-03-30T14:08:57","slug":"abierta-la-convocatoria-de-generacion-d-pymes-y-generacion-d-agentes-del-cambio-los-programas-de-formacion-digital-para-las-pymes","status":"publish","type":"post","link":"https:\/\/www.cidaut.es\/acelerapyme\/abierta-la-convocatoria-de-generacion-d-pymes-y-generacion-d-agentes-del-cambio-los-programas-de-formacion-digital-para-las-pymes\/","title":{"rendered":"Abierta la convocatoria de \u00abGeneraci\u00f3n D Pymes\u00bb y \u00abGeneraci\u00f3n D Agentes del Cambio\u00bb, los programas de formaci\u00f3n digital para las PYMES"},"content":{"rendered":"\n<figure class=\"wp-block-image aligncenter size-full is-resized\"><img loading=\"lazy\" decoding=\"async\" src=\"https:\/\/www.cidaut.es\/acelerapyme\/wp-content\/uploads\/2023\/03\/301122-pacto-generacion-digital.jpg\" alt=\"\" class=\"wp-image-1291\" width=\"700\" height=\"400\"\/><\/figure>\n\n\n\n<p>El Ministerio de Asuntos Econ\u00f3micos y Transformaci\u00f3n Digital y el Ministerio de Industria, Comercio y Turismo, a trav\u00e9s de la Secretar\u00eda de Estado de Digitalizaci\u00f3n e Inteligencia Artificial y la Fundaci\u00f3n EOI, adscrita a la Secretar\u00eda General de Industria y PYME, contar\u00e1n con 53 entidades de formaci\u00f3n para que impartan en todo el territorio nacional los programas formativos correspondientes a la primera convocatoria de formaci\u00f3n dentro del Programa \u00abGeneraci\u00f3n Digital\u00bb, que forma parte del&nbsp;Plan de Recuperaci\u00f3n, Transformaci\u00f3n y Resiliencia.<\/p>\n\n\n\n<p class=\"has-cyan-bluish-gray-color has-text-color\">La Moncloa<\/p>\n\n\n\n<p><\/p>\n\n\n\n<div class=\"wp-block-buttons is-layout-flex wp-block-buttons-is-layout-flex\">\n<div class=\"wp-block-button is-style-outline is-style-outline--1\"><a class=\"wp-block-button__link has-vivid-cyan-blue-color has-text-color wp-element-button\" href=\"https:\/\/www.lamoncloa.gob.es\/serviciosdeprensa\/notasprensa\/asuntos-economicos\/Paginas\/2023\/290323-generacion-d-pymes-agentes-del-cambio.aspx\" style=\"border-radius:10px\">Leer<\/a><\/div>\n<\/div>\n","protected":false},"excerpt":{"rendered":"<p>El Ministerio de Asuntos Econ\u00f3micos y Transformaci\u00f3n Digital y el Ministerio de Industria, Comercio y Turismo, a trav\u00e9s de la Secretar\u00eda de Estado de Digitalizaci\u00f3n e Inteligencia Artificial y la Fundaci\u00f3n EOI, adscrita a la Secretar\u00eda General de Industria y PYME, contar\u00e1n con 53 entidades de formaci\u00f3n para que impartan en todo el territorio nacional [&hellip;]<\/p>\n","protected":false},"author":3,"featured_media":0,"comment_status":"open","ping_status":"open","sticky":false,"template":"","format":"standard","meta":{"_et_pb_use_builder":"","_et_pb_old_content":"","_et_gb_content_width":"","footnotes":""},"categories":[3],"tags":[],"class_list":["post-1290","post","type-post","status-publish","format-standard","hentry","category-noticias"],"_links":{"self":[{"href":"https:\/\/www.cidaut.es\/acelerapyme\/wp-json\/wp\/v2\/posts\/1290","targetHints":{"allow":["GET"]}}],"collection":[{"href":"https:\/\/www.cidaut.es\/acelerapyme\/wp-json\/wp\/v2\/posts"}],"about":[{"href":"https:\/\/www.cidaut.es\/acelerapyme\/wp-json\/wp\/v2\/types\/post"}],"author":[{"embeddable":true,"href":"https:\/\/www.cidaut.es\/acelerapyme\/wp-json\/wp\/v2\/users\/3"}],"replies":[{"embeddable":true,"href":"https:\/\/www.cidaut.es\/acelerapyme\/wp-json\/wp\/v2\/comments?post=1290"}],"version-history":[{"count":1,"href":"https:\/\/www.cidaut.es\/acelerapyme\/wp-json\/wp\/v2\/posts\/1290\/revisions"}],"predecessor-version":[{"id":1292,"href":"https:\/\/www.cidaut.es\/acelerapyme\/wp-json\/wp\/v2\/posts\/1290\/revisions\/1292"}],"wp:attachment":[{"href":"https:\/\/www.cidaut.es\/acelerapyme\/wp-json\/wp\/v2\/media?parent=1290"}],"wp:term":[{"taxonomy":"category","embeddable":true,"href":"https:\/\/www.cidaut.es\/acelerapyme\/wp-json\/wp\/v2\/categories?post=1290"},{"taxonomy":"post_tag","embeddable":true,"href":"https:\/\/www.cidaut.es\/acelerapyme\/wp-json\/wp\/v2\/tags?post=1290"}],"curies":[{"name":"wp","href":"https:\/\/api.w.org\/{rel}","templated":true}]}}