{"id":1331,"date":"2023-04-27T14:17:05","date_gmt":"2023-04-27T14:17:05","guid":{"rendered":"https:\/\/www.cidaut.es\/acelerapyme\/?p=1331"},"modified":"2023-04-27T14:17:06","modified_gmt":"2023-04-27T14:17:06","slug":"espana-apunta-a-prohibir-el-uso-de-chatgpt-supone-un-impacto-significativo-en-la-privacidad","status":"publish","type":"post","link":"https:\/\/www.cidaut.es\/acelerapyme\/espana-apunta-a-prohibir-el-uso-de-chatgpt-supone-un-impacto-significativo-en-la-privacidad\/","title":{"rendered":"Espa\u00f1a apunta a prohibir el uso de ChatGPT: \u00abSupone un impacto significativo en la privacidad\u00bb"},"content":{"rendered":"\n<figure class=\"wp-block-image aligncenter size-full is-resized\"><img loading=\"lazy\" decoding=\"async\" src=\"https:\/\/www.cidaut.es\/acelerapyme\/wp-content\/uploads\/2023\/04\/gpt.jpg\" alt=\"\" class=\"wp-image-1309\" width=\"700\" height=\"400\"\/><\/figure>\n\n\n\n<p>La informaci\u00f3n que llega de la mano de Reuters habla acerca de que la AEPD o Agencia Espa\u00f1ola de Protecci\u00f3n de Datos habr\u00eda solicitado al organismo de la Uni\u00f3n Europea que s dedica al control sobre la privacidad una investigaci\u00f3n acerca de los peligros que puede suponer el uso de esta herramienta que hace uso de la IA.<\/p>\n\n\n\n<p class=\"has-cyan-bluish-gray-color has-text-color\">El Economista<\/p>\n\n\n\n<p><\/p>\n\n\n\n<div class=\"wp-block-buttons is-layout-flex wp-block-buttons-is-layout-flex\">\n<div class=\"wp-block-button is-style-outline is-style-outline--1\"><a class=\"wp-block-button__link has-vivid-cyan-blue-color has-text-color wp-element-button\" href=\"https:\/\/www.eleconomista.es\/tecnologia\/noticias\/12225628\/04\/23\/espana-apunta-a-prohibir-el-uso-de-chatgpt-supone-un-impacto-significativo-en-la-privacidad.html\" style=\"border-radius:10px\">Leer<\/a><\/div>\n<\/div>\n","protected":false},"excerpt":{"rendered":"<p>La informaci\u00f3n que llega de la mano de Reuters habla acerca de que la AEPD o Agencia Espa\u00f1ola de Protecci\u00f3n de Datos habr\u00eda solicitado al organismo de la Uni\u00f3n Europea que s dedica al control sobre la privacidad una investigaci\u00f3n acerca de los peligros que puede suponer el uso de esta herramienta que hace uso [&hellip;]<\/p>\n","protected":false},"author":3,"featured_media":0,"comment_status":"open","ping_status":"open","sticky":false,"template":"","format":"standard","meta":{"_et_pb_use_builder":"","_et_pb_old_content":"","_et_gb_content_width":"","footnotes":""},"categories":[3],"tags":[],"class_list":["post-1331","post","type-post","status-publish","format-standard","hentry","category-noticias"],"_links":{"self":[{"href":"https:\/\/www.cidaut.es\/acelerapyme\/wp-json\/wp\/v2\/posts\/1331","targetHints":{"allow":["GET"]}}],"collection":[{"href":"https:\/\/www.cidaut.es\/acelerapyme\/wp-json\/wp\/v2\/posts"}],"about":[{"href":"https:\/\/www.cidaut.es\/acelerapyme\/wp-json\/wp\/v2\/types\/post"}],"author":[{"embeddable":true,"href":"https:\/\/www.cidaut.es\/acelerapyme\/wp-json\/wp\/v2\/users\/3"}],"replies":[{"embeddable":true,"href":"https:\/\/www.cidaut.es\/acelerapyme\/wp-json\/wp\/v2\/comments?post=1331"}],"version-history":[{"count":1,"href":"https:\/\/www.cidaut.es\/acelerapyme\/wp-json\/wp\/v2\/posts\/1331\/revisions"}],"predecessor-version":[{"id":1332,"href":"https:\/\/www.cidaut.es\/acelerapyme\/wp-json\/wp\/v2\/posts\/1331\/revisions\/1332"}],"wp:attachment":[{"href":"https:\/\/www.cidaut.es\/acelerapyme\/wp-json\/wp\/v2\/media?parent=1331"}],"wp:term":[{"taxonomy":"category","embeddable":true,"href":"https:\/\/www.cidaut.es\/acelerapyme\/wp-json\/wp\/v2\/categories?post=1331"},{"taxonomy":"post_tag","embeddable":true,"href":"https:\/\/www.cidaut.es\/acelerapyme\/wp-json\/wp\/v2\/tags?post=1331"}],"curies":[{"name":"wp","href":"https:\/\/api.w.org\/{rel}","templated":true}]}}