{"id":1389,"date":"2023-06-01T13:38:19","date_gmt":"2023-06-01T13:38:19","guid":{"rendered":"https:\/\/www.cidaut.es\/acelerapyme\/?p=1389"},"modified":"2023-06-01T13:38:20","modified_gmt":"2023-06-01T13:38:20","slug":"el-ultimo-informe-sociedad-digital-en-espana-recoge-las-tendencias-tecnologicas-y-su-evolucion-en-2022","status":"publish","type":"post","link":"https:\/\/www.cidaut.es\/acelerapyme\/el-ultimo-informe-sociedad-digital-en-espana-recoge-las-tendencias-tecnologicas-y-su-evolucion-en-2022\/","title":{"rendered":"El \u00faltimo Informe Sociedad Digital en Espa\u00f1a recoge las tendencias tecnol\u00f3gicas y su evoluci\u00f3n en 2022"},"content":{"rendered":"\n<figure class=\"wp-block-image aligncenter size-full is-resized\"><img loading=\"lazy\" decoding=\"async\" src=\"https:\/\/www.cidaut.es\/acelerapyme\/wp-content\/uploads\/2023\/05\/sociedad-digital-espana-2023.png\" alt=\"\" class=\"wp-image-1369\" width=\"700\" height=\"400\"\/><\/figure>\n\n\n\n<p>El Informe Sociedad Digital en Espa\u00f1a 2023 de&nbsp;Fundaci\u00f3n Telef\u00f3nica, que rastrea las principales tendencias tecnol\u00f3gicas y su evoluci\u00f3n en 2022, refleja que la sociedad digital en Espa\u00f1a, Europa y el mundo contin\u00faa avanzando, aunque a menor ritmo del experimentado durante la pandemia. Como principales conclusiones, hace hincapi\u00e9 en la digitalizaci\u00f3n imparable, la necesidad de una mayor ciberseguridad, la soberan\u00eda digital de la Uni\u00f3n Europea y una contribuci\u00f3n justa que garantice la eficiencia de las redes y la sostenibilidad de la econom\u00eda digital.<\/p>\n\n\n\n<p class=\"has-cyan-bluish-gray-color has-text-color\">Esmartcity<\/p>\n\n\n\n<div class=\"wp-block-buttons is-layout-flex wp-block-buttons-is-layout-flex\">\n<div class=\"wp-block-button is-style-outline is-style-outline--1\"><a class=\"wp-block-button__link has-vivid-cyan-blue-color has-text-color wp-element-button\" href=\"https:\/\/www.esmartcity.es\/2023\/05\/03\/ultimo-informe-sociedad-digital-espana-recoge-tendencias-tecnologicas-evolucion-2022\" style=\"border-radius:10px\">Leer<\/a><\/div>\n<\/div>\n","protected":false},"excerpt":{"rendered":"<p>El Informe Sociedad Digital en Espa\u00f1a 2023 de&nbsp;Fundaci\u00f3n Telef\u00f3nica, que rastrea las principales tendencias tecnol\u00f3gicas y su evoluci\u00f3n en 2022, refleja que la sociedad digital en Espa\u00f1a, Europa y el mundo contin\u00faa avanzando, aunque a menor ritmo del experimentado durante la pandemia. Como principales conclusiones, hace hincapi\u00e9 en la digitalizaci\u00f3n imparable, la necesidad de una [&hellip;]<\/p>\n","protected":false},"author":3,"featured_media":0,"comment_status":"open","ping_status":"open","sticky":false,"template":"","format":"standard","meta":{"_et_pb_use_builder":"","_et_pb_old_content":"","_et_gb_content_width":"","footnotes":""},"categories":[3],"tags":[],"class_list":["post-1389","post","type-post","status-publish","format-standard","hentry","category-noticias"],"_links":{"self":[{"href":"https:\/\/www.cidaut.es\/acelerapyme\/wp-json\/wp\/v2\/posts\/1389","targetHints":{"allow":["GET"]}}],"collection":[{"href":"https:\/\/www.cidaut.es\/acelerapyme\/wp-json\/wp\/v2\/posts"}],"about":[{"href":"https:\/\/www.cidaut.es\/acelerapyme\/wp-json\/wp\/v2\/types\/post"}],"author":[{"embeddable":true,"href":"https:\/\/www.cidaut.es\/acelerapyme\/wp-json\/wp\/v2\/users\/3"}],"replies":[{"embeddable":true,"href":"https:\/\/www.cidaut.es\/acelerapyme\/wp-json\/wp\/v2\/comments?post=1389"}],"version-history":[{"count":1,"href":"https:\/\/www.cidaut.es\/acelerapyme\/wp-json\/wp\/v2\/posts\/1389\/revisions"}],"predecessor-version":[{"id":1390,"href":"https:\/\/www.cidaut.es\/acelerapyme\/wp-json\/wp\/v2\/posts\/1389\/revisions\/1390"}],"wp:attachment":[{"href":"https:\/\/www.cidaut.es\/acelerapyme\/wp-json\/wp\/v2\/media?parent=1389"}],"wp:term":[{"taxonomy":"category","embeddable":true,"href":"https:\/\/www.cidaut.es\/acelerapyme\/wp-json\/wp\/v2\/categories?post=1389"},{"taxonomy":"post_tag","embeddable":true,"href":"https:\/\/www.cidaut.es\/acelerapyme\/wp-json\/wp\/v2\/tags?post=1389"}],"curies":[{"name":"wp","href":"https:\/\/api.w.org\/{rel}","templated":true}]}}