{"id":1406,"date":"2023-06-01T13:39:37","date_gmt":"2023-06-01T13:39:37","guid":{"rendered":"https:\/\/www.cidaut.es\/acelerapyme\/?p=1406"},"modified":"2023-06-01T13:39:38","modified_gmt":"2023-06-01T13:39:38","slug":"convocatorias-de-218-millones-en-ayudas-para-la-transformacion-digital-y-ecologica-de-la-industria","status":"publish","type":"post","link":"https:\/\/www.cidaut.es\/acelerapyme\/convocatorias-de-218-millones-en-ayudas-para-la-transformacion-digital-y-ecologica-de-la-industria\/","title":{"rendered":"Convocatorias de 218 millones en ayudas para la transformaci\u00f3n digital y ecol\u00f3gica de la industria"},"content":{"rendered":"\n<figure class=\"wp-block-image aligncenter size-full is-resized\"><img loading=\"lazy\" decoding=\"async\" src=\"https:\/\/www.cidaut.es\/acelerapyme\/wp-content\/uploads\/2022\/12\/industria.jpg\" alt=\"\" class=\"wp-image-1069\" width=\"700\" height=\"400\"\/><\/figure>\n\n\n\n<p>Las dos l\u00edneas de ayudas por un valor total de 218 millones de euros lanzadas por el Ministerio de Industria, Comercio y Turismo (Mincotur), a trav\u00e9s de la Secretar\u00eda General de Industria y Pyme, impulsar\u00e1n la transformaci\u00f3n digital y ecol\u00f3gica de la industria. Estas convocatorias, enmarcadas en el Plan de Recuperaci\u00f3n, Transformaci\u00f3n y Resiliencia, ya han abierto el plazo de presentaci\u00f3n de solicitudes.<\/p>\n\n\n\n<p class=\"has-cyan-bluish-gray-color has-text-color\">Esmartcity<\/p>\n\n\n\n<div class=\"wp-block-buttons is-layout-flex wp-block-buttons-is-layout-flex\">\n<div class=\"wp-block-button is-style-outline is-style-outline--1\"><a class=\"wp-block-button__link has-vivid-cyan-blue-color has-text-color wp-element-button\" href=\"https:\/\/www.esmartcity.es\/2023\/06\/01\/convocatorias-218-millones-ayudas-transformacion-digital-ecologica-industria\" style=\"border-radius:10px\">Leer<\/a><\/div>\n<\/div>\n","protected":false},"excerpt":{"rendered":"<p>Las dos l\u00edneas de ayudas por un valor total de 218 millones de euros lanzadas por el Ministerio de Industria, Comercio y Turismo (Mincotur), a trav\u00e9s de la Secretar\u00eda General de Industria y Pyme, impulsar\u00e1n la transformaci\u00f3n digital y ecol\u00f3gica de la industria. Estas convocatorias, enmarcadas en el Plan de Recuperaci\u00f3n, Transformaci\u00f3n y Resiliencia, ya [&hellip;]<\/p>\n","protected":false},"author":3,"featured_media":0,"comment_status":"open","ping_status":"open","sticky":false,"template":"","format":"standard","meta":{"_et_pb_use_builder":"","_et_pb_old_content":"","_et_gb_content_width":"","footnotes":""},"categories":[3],"tags":[],"class_list":["post-1406","post","type-post","status-publish","format-standard","hentry","category-noticias"],"_links":{"self":[{"href":"https:\/\/www.cidaut.es\/acelerapyme\/wp-json\/wp\/v2\/posts\/1406","targetHints":{"allow":["GET"]}}],"collection":[{"href":"https:\/\/www.cidaut.es\/acelerapyme\/wp-json\/wp\/v2\/posts"}],"about":[{"href":"https:\/\/www.cidaut.es\/acelerapyme\/wp-json\/wp\/v2\/types\/post"}],"author":[{"embeddable":true,"href":"https:\/\/www.cidaut.es\/acelerapyme\/wp-json\/wp\/v2\/users\/3"}],"replies":[{"embeddable":true,"href":"https:\/\/www.cidaut.es\/acelerapyme\/wp-json\/wp\/v2\/comments?post=1406"}],"version-history":[{"count":2,"href":"https:\/\/www.cidaut.es\/acelerapyme\/wp-json\/wp\/v2\/posts\/1406\/revisions"}],"predecessor-version":[{"id":1408,"href":"https:\/\/www.cidaut.es\/acelerapyme\/wp-json\/wp\/v2\/posts\/1406\/revisions\/1408"}],"wp:attachment":[{"href":"https:\/\/www.cidaut.es\/acelerapyme\/wp-json\/wp\/v2\/media?parent=1406"}],"wp:term":[{"taxonomy":"category","embeddable":true,"href":"https:\/\/www.cidaut.es\/acelerapyme\/wp-json\/wp\/v2\/categories?post=1406"},{"taxonomy":"post_tag","embeddable":true,"href":"https:\/\/www.cidaut.es\/acelerapyme\/wp-json\/wp\/v2\/tags?post=1406"}],"curies":[{"name":"wp","href":"https:\/\/api.w.org\/{rel}","templated":true}]}}