{"id":1427,"date":"2023-06-30T12:52:06","date_gmt":"2023-06-30T12:52:06","guid":{"rendered":"https:\/\/www.cidaut.es\/acelerapyme\/?p=1427"},"modified":"2023-06-30T12:52:07","modified_gmt":"2023-06-30T12:52:07","slug":"publicadas-en-el-boe-las-ayudas-500-millones-de-euros-al-plan-5g-rural","status":"publish","type":"post","link":"https:\/\/www.cidaut.es\/acelerapyme\/publicadas-en-el-boe-las-ayudas-500-millones-de-euros-al-plan-5g-rural\/","title":{"rendered":"Publicadas en el BOE las ayudas (500 millones de euros) al Plan 5G Rural"},"content":{"rendered":"\n<figure class=\"wp-block-image aligncenter size-full is-resized\"><img loading=\"lazy\" decoding=\"async\" src=\"https:\/\/www.cidaut.es\/acelerapyme\/wp-content\/uploads\/2023\/06\/cradle-sd-wan-5g.jpg\" alt=\"\" class=\"wp-image-1415\" width=\"700\" height=\"400\"\/><\/figure>\n\n\n\n<p><strong>El Bolet\u00edn Oficial del Estado (BOE) ha publicado la&nbsp;orden de bases reguladoras&nbsp;de la convocatoria de ayudas 5G Redes Activas del programa de Universalizaci\u00f3n de Infraestructuras Digitales para la Cohesi\u00f3n (Unico) del Ministerio de Asuntos Econ\u00f3micos y Transformaci\u00f3n Digital (Mineco). Con un presupuesto de m\u00e1s de 500 millones de euros, estas subvenciones est\u00e1n destinadas al despliegue del equipamiento necesario en los servicios de 5G en municipios de menos de 10.000 habitantes.<\/strong><\/p>\n\n\n\n<p class=\"has-cyan-bluish-gray-color has-text-color\">Silicon<\/p>\n\n\n\n<p><\/p>\n\n\n\n<div class=\"wp-block-buttons is-layout-flex wp-block-buttons-is-layout-flex\">\n<div class=\"wp-block-button is-style-outline is-style-outline--1\"><a class=\"wp-block-button__link has-vivid-cyan-blue-color has-text-color wp-element-button\" href=\"https:\/\/www.silicon.es\/publicadas-en-el-boe-las-ayudas-500-millones-de-euros-al-plan-5g-rural-2482162\" style=\"border-radius:10px\">Leer<\/a><\/div>\n<\/div>\n","protected":false},"excerpt":{"rendered":"<p>El Bolet\u00edn Oficial del Estado (BOE) ha publicado la&nbsp;orden de bases reguladoras&nbsp;de la convocatoria de ayudas 5G Redes Activas del programa de Universalizaci\u00f3n de Infraestructuras Digitales para la Cohesi\u00f3n (Unico) del Ministerio de Asuntos Econ\u00f3micos y Transformaci\u00f3n Digital (Mineco). Con un presupuesto de m\u00e1s de 500 millones de euros, estas subvenciones est\u00e1n destinadas al despliegue [&hellip;]<\/p>\n","protected":false},"author":3,"featured_media":0,"comment_status":"open","ping_status":"open","sticky":false,"template":"","format":"standard","meta":{"_et_pb_use_builder":"","_et_pb_old_content":"","_et_gb_content_width":"","footnotes":""},"categories":[3],"tags":[],"class_list":["post-1427","post","type-post","status-publish","format-standard","hentry","category-noticias"],"_links":{"self":[{"href":"https:\/\/www.cidaut.es\/acelerapyme\/wp-json\/wp\/v2\/posts\/1427","targetHints":{"allow":["GET"]}}],"collection":[{"href":"https:\/\/www.cidaut.es\/acelerapyme\/wp-json\/wp\/v2\/posts"}],"about":[{"href":"https:\/\/www.cidaut.es\/acelerapyme\/wp-json\/wp\/v2\/types\/post"}],"author":[{"embeddable":true,"href":"https:\/\/www.cidaut.es\/acelerapyme\/wp-json\/wp\/v2\/users\/3"}],"replies":[{"embeddable":true,"href":"https:\/\/www.cidaut.es\/acelerapyme\/wp-json\/wp\/v2\/comments?post=1427"}],"version-history":[{"count":1,"href":"https:\/\/www.cidaut.es\/acelerapyme\/wp-json\/wp\/v2\/posts\/1427\/revisions"}],"predecessor-version":[{"id":1428,"href":"https:\/\/www.cidaut.es\/acelerapyme\/wp-json\/wp\/v2\/posts\/1427\/revisions\/1428"}],"wp:attachment":[{"href":"https:\/\/www.cidaut.es\/acelerapyme\/wp-json\/wp\/v2\/media?parent=1427"}],"wp:term":[{"taxonomy":"category","embeddable":true,"href":"https:\/\/www.cidaut.es\/acelerapyme\/wp-json\/wp\/v2\/categories?post=1427"},{"taxonomy":"post_tag","embeddable":true,"href":"https:\/\/www.cidaut.es\/acelerapyme\/wp-json\/wp\/v2\/tags?post=1427"}],"curies":[{"name":"wp","href":"https:\/\/api.w.org\/{rel}","templated":true}]}}