{"id":1454,"date":"2023-06-30T12:50:43","date_gmt":"2023-06-30T12:50:43","guid":{"rendered":"https:\/\/www.cidaut.es\/acelerapyme\/?p=1454"},"modified":"2023-06-30T12:50:44","modified_gmt":"2023-06-30T12:50:44","slug":"espana-referente-en-europa-con-el-despliegue-de-la-estrategia-nacional-de-inteligencia-artificial","status":"publish","type":"post","link":"https:\/\/www.cidaut.es\/acelerapyme\/espana-referente-en-europa-con-el-despliegue-de-la-estrategia-nacional-de-inteligencia-artificial\/","title":{"rendered":"Espa\u00f1a, referente en Europa con el despliegue de la Estrategia Nacional de Inteligencia Artificial"},"content":{"rendered":"\n<figure class=\"wp-block-image aligncenter size-full is-resized\"><img loading=\"lazy\" decoding=\"async\" src=\"https:\/\/www.cidaut.es\/acelerapyme\/wp-content\/uploads\/2023\/06\/enia.jpg\" alt=\"\" class=\"wp-image-1418\" width=\"700\" height=\"400\"\/><\/figure>\n\n\n\n<p>La vicepresidenta primera y ministra de Asuntos Econ\u00f3micos y Transformaci\u00f3n Digital, ha presentado en Consejo de Ministros un informe sobre el estado de situaci\u00f3n del&nbsp;despliegue de todas las iniciativas puestas en marcha en materia de Inteligencia Artificial (IA),&nbsp;recogidas en la Estrategia Nacional de Inteligencia Artificial (ENIA), en un momento clave para el desarrollo de esta tecnolog\u00eda. La Presidencia espa\u00f1ola del Consejo de la Uni\u00f3n Europea del segundo semestre del a\u00f1o servir\u00e1 para avanzar y concluir la negociaci\u00f3n del reglamento de Inteligencia Artificial, en un contexto en el que Espa\u00f1a se ha situado como referente europeo con el desarrollo de la ENIA.<\/p>\n\n\n\n<p class=\"has-cyan-bluish-gray-color has-text-color\">BigData Magazine<\/p>\n\n\n\n<p><\/p>\n\n\n\n<div class=\"wp-block-buttons is-layout-flex wp-block-buttons-is-layout-flex\">\n<div class=\"wp-block-button is-style-outline is-style-outline--1\"><a class=\"wp-block-button__link has-vivid-cyan-blue-color has-text-color wp-element-button\" href=\"https:\/\/bigdatamagazine.es\/espana-referente-en-europa-con-el-despliegue-de-la-estrategia-nacional-de-inteligencia-artificial\" style=\"border-radius:10px\">Leer<\/a><\/div>\n<\/div>\n","protected":false},"excerpt":{"rendered":"<p>La vicepresidenta primera y ministra de Asuntos Econ\u00f3micos y Transformaci\u00f3n Digital, ha presentado en Consejo de Ministros un informe sobre el estado de situaci\u00f3n del&nbsp;despliegue de todas las iniciativas puestas en marcha en materia de Inteligencia Artificial (IA),&nbsp;recogidas en la Estrategia Nacional de Inteligencia Artificial (ENIA), en un momento clave para el desarrollo de esta [&hellip;]<\/p>\n","protected":false},"author":3,"featured_media":0,"comment_status":"open","ping_status":"open","sticky":false,"template":"","format":"standard","meta":{"_et_pb_use_builder":"","_et_pb_old_content":"","_et_gb_content_width":"","footnotes":""},"categories":[3],"tags":[],"class_list":["post-1454","post","type-post","status-publish","format-standard","hentry","category-noticias"],"_links":{"self":[{"href":"https:\/\/www.cidaut.es\/acelerapyme\/wp-json\/wp\/v2\/posts\/1454","targetHints":{"allow":["GET"]}}],"collection":[{"href":"https:\/\/www.cidaut.es\/acelerapyme\/wp-json\/wp\/v2\/posts"}],"about":[{"href":"https:\/\/www.cidaut.es\/acelerapyme\/wp-json\/wp\/v2\/types\/post"}],"author":[{"embeddable":true,"href":"https:\/\/www.cidaut.es\/acelerapyme\/wp-json\/wp\/v2\/users\/3"}],"replies":[{"embeddable":true,"href":"https:\/\/www.cidaut.es\/acelerapyme\/wp-json\/wp\/v2\/comments?post=1454"}],"version-history":[{"count":1,"href":"https:\/\/www.cidaut.es\/acelerapyme\/wp-json\/wp\/v2\/posts\/1454\/revisions"}],"predecessor-version":[{"id":1455,"href":"https:\/\/www.cidaut.es\/acelerapyme\/wp-json\/wp\/v2\/posts\/1454\/revisions\/1455"}],"wp:attachment":[{"href":"https:\/\/www.cidaut.es\/acelerapyme\/wp-json\/wp\/v2\/media?parent=1454"}],"wp:term":[{"taxonomy":"category","embeddable":true,"href":"https:\/\/www.cidaut.es\/acelerapyme\/wp-json\/wp\/v2\/categories?post=1454"},{"taxonomy":"post_tag","embeddable":true,"href":"https:\/\/www.cidaut.es\/acelerapyme\/wp-json\/wp\/v2\/tags?post=1454"}],"curies":[{"name":"wp","href":"https:\/\/api.w.org\/{rel}","templated":true}]}}