{"id":1475,"date":"2023-07-27T12:39:24","date_gmt":"2023-07-27T12:39:24","guid":{"rendered":"https:\/\/www.cidaut.es\/acelerapyme\/?p=1475"},"modified":"2023-07-27T12:39:25","modified_gmt":"2023-07-27T12:39:25","slug":"el-gobierno-destina-100-millones-de-euros-para-ampliar-el-programa-kit-digital-a-cooperativas-agrarias-y-sociedades-profesionales","status":"publish","type":"post","link":"https:\/\/www.cidaut.es\/acelerapyme\/el-gobierno-destina-100-millones-de-euros-para-ampliar-el-programa-kit-digital-a-cooperativas-agrarias-y-sociedades-profesionales\/","title":{"rendered":"El Gobierno destina 100 millones de euros para ampliar el programa Kit Digital a cooperativas agrarias y sociedades profesionales"},"content":{"rendered":"\n<figure class=\"wp-block-image aligncenter size-full is-resized\"><img loading=\"lazy\" decoding=\"async\" src=\"https:\/\/www.cidaut.es\/acelerapyme\/wp-content\/uploads\/2023\/02\/kitdigital.jpg\" alt=\"\" class=\"wp-image-1202\" width=\"700\" height=\"400\"\/><\/figure>\n\n\n\n<p>El Gobierno de Espa\u00f1a, a trav\u00e9s de Red.es, ha anunciado una nueva convocatoria de ayudas destinadas a la digitalizaci\u00f3n de comunidades de bienes, explotaciones agrarias de titularidad compartida y sociedades profesionales y civiles con objetivos mercantiles. Esta cuarta convocatoria cuenta con un presupuesto inicial de 100 millones de euros, ampliables, y tiene como finalidad mejorar la competitividad y el nivel de madurez digital de estas entidades. El plazo para presentar las solicitudes estar\u00e1 abierto desde el 12 de septiembre de 2024 hasta el 31 de diciembre de 2024.<\/p>\n\n\n\n<p class=\"has-cyan-bluish-gray-color has-text-color\">Silicon<\/p>\n\n\n\n<p><\/p>\n\n\n\n<div class=\"wp-block-buttons is-layout-flex wp-block-buttons-is-layout-flex\">\n<div class=\"wp-block-button is-style-outline is-style-outline--1\"><a class=\"wp-block-button__link has-vivid-cyan-blue-color has-text-color wp-element-button\" href=\"https:\/\/www.silicon.es\/el-gobierno-destina-100-millones-de-euros-para-ampliar-el-programa-kit-digital-a-cooperativas-agrarias-y-sociedades-profesionales-2484006\" style=\"border-radius:10px\">Leer<\/a><\/div>\n<\/div>\n","protected":false},"excerpt":{"rendered":"<p>El Gobierno de Espa\u00f1a, a trav\u00e9s de Red.es, ha anunciado una nueva convocatoria de ayudas destinadas a la digitalizaci\u00f3n de comunidades de bienes, explotaciones agrarias de titularidad compartida y sociedades profesionales y civiles con objetivos mercantiles. Esta cuarta convocatoria cuenta con un presupuesto inicial de 100 millones de euros, ampliables, y tiene como finalidad mejorar [&hellip;]<\/p>\n","protected":false},"author":3,"featured_media":0,"comment_status":"open","ping_status":"open","sticky":false,"template":"","format":"standard","meta":{"_et_pb_use_builder":"","_et_pb_old_content":"","_et_gb_content_width":"","footnotes":""},"categories":[3],"tags":[],"class_list":["post-1475","post","type-post","status-publish","format-standard","hentry","category-noticias"],"_links":{"self":[{"href":"https:\/\/www.cidaut.es\/acelerapyme\/wp-json\/wp\/v2\/posts\/1475","targetHints":{"allow":["GET"]}}],"collection":[{"href":"https:\/\/www.cidaut.es\/acelerapyme\/wp-json\/wp\/v2\/posts"}],"about":[{"href":"https:\/\/www.cidaut.es\/acelerapyme\/wp-json\/wp\/v2\/types\/post"}],"author":[{"embeddable":true,"href":"https:\/\/www.cidaut.es\/acelerapyme\/wp-json\/wp\/v2\/users\/3"}],"replies":[{"embeddable":true,"href":"https:\/\/www.cidaut.es\/acelerapyme\/wp-json\/wp\/v2\/comments?post=1475"}],"version-history":[{"count":2,"href":"https:\/\/www.cidaut.es\/acelerapyme\/wp-json\/wp\/v2\/posts\/1475\/revisions"}],"predecessor-version":[{"id":1480,"href":"https:\/\/www.cidaut.es\/acelerapyme\/wp-json\/wp\/v2\/posts\/1475\/revisions\/1480"}],"wp:attachment":[{"href":"https:\/\/www.cidaut.es\/acelerapyme\/wp-json\/wp\/v2\/media?parent=1475"}],"wp:term":[{"taxonomy":"category","embeddable":true,"href":"https:\/\/www.cidaut.es\/acelerapyme\/wp-json\/wp\/v2\/categories?post=1475"},{"taxonomy":"post_tag","embeddable":true,"href":"https:\/\/www.cidaut.es\/acelerapyme\/wp-json\/wp\/v2\/tags?post=1475"}],"curies":[{"name":"wp","href":"https:\/\/api.w.org\/{rel}","templated":true}]}}