{"id":1493,"date":"2023-07-27T12:38:20","date_gmt":"2023-07-27T12:38:20","guid":{"rendered":"https:\/\/www.cidaut.es\/acelerapyme\/?p=1493"},"modified":"2023-07-27T12:38:21","modified_gmt":"2023-07-27T12:38:21","slug":"como-es-la-nueva-ley-de-ia-que-prepara-la-union-europea","status":"publish","type":"post","link":"https:\/\/www.cidaut.es\/acelerapyme\/como-es-la-nueva-ley-de-ia-que-prepara-la-union-europea\/","title":{"rendered":"\u00bfC\u00f3mo es la nueva Ley de IA que prepara la Uni\u00f3n Europea?"},"content":{"rendered":"\n<figure class=\"wp-block-image aligncenter size-full is-resized\"><img loading=\"lazy\" decoding=\"async\" src=\"https:\/\/www.cidaut.es\/acelerapyme\/wp-content\/uploads\/2023\/07\/IA-europa.jpg\" alt=\"\" class=\"wp-image-1470\" width=\"700\" height=\"400\"\/><\/figure>\n\n\n\n<p>El impresionante desarrollo que est\u00e1 teniendo la IA en los \u00faltimos a\u00f1os est\u00e1 dando mucho que hablar. Su evoluci\u00f3n est\u00e1 siendo tan r\u00e1pida que muchos expertos est\u00e1n advirtiendo acerca de la necesidad de dejar en pausa su desarrollo durante algunos meses para analizar sus riesgos y repensar hacia d\u00f3nde queremos ir. La ley que prepara el Parlamento Europeo se vertebra en torno a seis principios. \u201cLa ley pretende garantizar que los sistemas de IA utilizados en la Uni\u00f3n Europea sean seguros, transparentes, rastreables, no discriminatorios y respetuosos con el medio ambiente. Adem\u00e1s, aboga por la supervisi\u00f3n humana de los sistemas de IA para evitar causar da\u00f1o\u201d.<\/p>\n\n\n\n<p class=\"has-cyan-bluish-gray-color has-text-color\">Silicon<\/p>\n\n\n\n<p><\/p>\n\n\n\n<div class=\"wp-block-buttons is-layout-flex wp-block-buttons-is-layout-flex\">\n<div class=\"wp-block-button is-style-outline is-style-outline--1\"><a class=\"wp-block-button__link has-vivid-cyan-blue-color has-text-color wp-element-button\" href=\"https:\/\/www.silicon.es\/como-es-la-nueva-ley-de-ia-que-prepara-la-union-europea-2483381\" style=\"border-radius:10px\">Leer<\/a><\/div>\n<\/div>\n","protected":false},"excerpt":{"rendered":"<p>El impresionante desarrollo que est\u00e1 teniendo la IA en los \u00faltimos a\u00f1os est\u00e1 dando mucho que hablar. Su evoluci\u00f3n est\u00e1 siendo tan r\u00e1pida que muchos expertos est\u00e1n advirtiendo acerca de la necesidad de dejar en pausa su desarrollo durante algunos meses para analizar sus riesgos y repensar hacia d\u00f3nde queremos ir. La ley que prepara [&hellip;]<\/p>\n","protected":false},"author":3,"featured_media":0,"comment_status":"open","ping_status":"open","sticky":false,"template":"","format":"standard","meta":{"_et_pb_use_builder":"","_et_pb_old_content":"","_et_gb_content_width":"","footnotes":""},"categories":[3],"tags":[],"class_list":["post-1493","post","type-post","status-publish","format-standard","hentry","category-noticias"],"_links":{"self":[{"href":"https:\/\/www.cidaut.es\/acelerapyme\/wp-json\/wp\/v2\/posts\/1493","targetHints":{"allow":["GET"]}}],"collection":[{"href":"https:\/\/www.cidaut.es\/acelerapyme\/wp-json\/wp\/v2\/posts"}],"about":[{"href":"https:\/\/www.cidaut.es\/acelerapyme\/wp-json\/wp\/v2\/types\/post"}],"author":[{"embeddable":true,"href":"https:\/\/www.cidaut.es\/acelerapyme\/wp-json\/wp\/v2\/users\/3"}],"replies":[{"embeddable":true,"href":"https:\/\/www.cidaut.es\/acelerapyme\/wp-json\/wp\/v2\/comments?post=1493"}],"version-history":[{"count":1,"href":"https:\/\/www.cidaut.es\/acelerapyme\/wp-json\/wp\/v2\/posts\/1493\/revisions"}],"predecessor-version":[{"id":1494,"href":"https:\/\/www.cidaut.es\/acelerapyme\/wp-json\/wp\/v2\/posts\/1493\/revisions\/1494"}],"wp:attachment":[{"href":"https:\/\/www.cidaut.es\/acelerapyme\/wp-json\/wp\/v2\/media?parent=1493"}],"wp:term":[{"taxonomy":"category","embeddable":true,"href":"https:\/\/www.cidaut.es\/acelerapyme\/wp-json\/wp\/v2\/categories?post=1493"},{"taxonomy":"post_tag","embeddable":true,"href":"https:\/\/www.cidaut.es\/acelerapyme\/wp-json\/wp\/v2\/tags?post=1493"}],"curies":[{"name":"wp","href":"https:\/\/api.w.org\/{rel}","templated":true}]}}