{"id":1511,"date":"2023-08-31T10:33:15","date_gmt":"2023-08-31T10:33:15","guid":{"rendered":"https:\/\/www.cidaut.es\/acelerapyme\/?p=1511"},"modified":"2023-08-31T10:33:17","modified_gmt":"2023-08-31T10:33:17","slug":"las-regiones-europeas-presentan-diferencias-en-digitalizacion-de-empresas-segun-un-informe-del-bei","status":"publish","type":"post","link":"https:\/\/www.cidaut.es\/acelerapyme\/las-regiones-europeas-presentan-diferencias-en-digitalizacion-de-empresas-segun-un-informe-del-bei\/","title":{"rendered":"Las regiones europeas presentan diferencias en digitalizaci\u00f3n de empresas, seg\u00fan un informe del BEI"},"content":{"rendered":"\n<figure class=\"wp-block-image aligncenter size-full is-resized\"><img loading=\"lazy\" decoding=\"async\" src=\"https:\/\/www.cidaut.es\/acelerapyme\/wp-content\/uploads\/2023\/08\/digitalizacion-europa.png\" alt=\"\" class=\"wp-image-1542\" width=\"700\" height=\"400\"\/><\/figure>\n\n\n\n<p>Seg\u00fan el informe del Banco Europeo de Inversiones (BEI) titulado \u2018Digitalizaci\u00f3n en Europa 2022-2023: Evidencia de la Encuesta de Inversi\u00f3n del BEI\u2019, existen diferencias dentro de la UE en cuanto a infraestructuras digitales, entornos innovadores y trabajadores con competencias digitales, aspectos clave para la digitalizaci\u00f3n de las empresas. Tambi\u00e9n refleja que Europa ha reducido la brecha con Estados Unidos en lo referente a la adopci\u00f3n de tecnolog\u00edas digitales avanzadas por parte del tejido empresarial.<\/p>\n\n\n\n<p class=\"has-cyan-bluish-gray-color has-text-color\">Esmartcity<\/p>\n\n\n\n<p><\/p>\n\n\n\n<div class=\"wp-block-buttons is-layout-flex wp-block-buttons-is-layout-flex\">\n<div class=\"wp-block-button is-style-outline is-style-outline--1\"><a class=\"wp-block-button__link has-vivid-cyan-blue-color has-text-color wp-element-button\" href=\"https:\/\/www.esmartcity.es\/2023\/05\/26\/regiones-europeas-presentan-diferencias-digitalizacion-empresas-segun-informe-bei\" style=\"border-radius:10px\">Leer<\/a><\/div>\n<\/div>\n","protected":false},"excerpt":{"rendered":"<p>Seg\u00fan el informe del Banco Europeo de Inversiones (BEI) titulado \u2018Digitalizaci\u00f3n en Europa 2022-2023: Evidencia de la Encuesta de Inversi\u00f3n del BEI\u2019, existen diferencias dentro de la UE en cuanto a infraestructuras digitales, entornos innovadores y trabajadores con competencias digitales, aspectos clave para la digitalizaci\u00f3n de las empresas. Tambi\u00e9n refleja que Europa ha reducido la [&hellip;]<\/p>\n","protected":false},"author":3,"featured_media":0,"comment_status":"open","ping_status":"open","sticky":false,"template":"","format":"standard","meta":{"_et_pb_use_builder":"","_et_pb_old_content":"","_et_gb_content_width":"","footnotes":""},"categories":[3],"tags":[],"class_list":["post-1511","post","type-post","status-publish","format-standard","hentry","category-noticias"],"_links":{"self":[{"href":"https:\/\/www.cidaut.es\/acelerapyme\/wp-json\/wp\/v2\/posts\/1511","targetHints":{"allow":["GET"]}}],"collection":[{"href":"https:\/\/www.cidaut.es\/acelerapyme\/wp-json\/wp\/v2\/posts"}],"about":[{"href":"https:\/\/www.cidaut.es\/acelerapyme\/wp-json\/wp\/v2\/types\/post"}],"author":[{"embeddable":true,"href":"https:\/\/www.cidaut.es\/acelerapyme\/wp-json\/wp\/v2\/users\/3"}],"replies":[{"embeddable":true,"href":"https:\/\/www.cidaut.es\/acelerapyme\/wp-json\/wp\/v2\/comments?post=1511"}],"version-history":[{"count":2,"href":"https:\/\/www.cidaut.es\/acelerapyme\/wp-json\/wp\/v2\/posts\/1511\/revisions"}],"predecessor-version":[{"id":1557,"href":"https:\/\/www.cidaut.es\/acelerapyme\/wp-json\/wp\/v2\/posts\/1511\/revisions\/1557"}],"wp:attachment":[{"href":"https:\/\/www.cidaut.es\/acelerapyme\/wp-json\/wp\/v2\/media?parent=1511"}],"wp:term":[{"taxonomy":"category","embeddable":true,"href":"https:\/\/www.cidaut.es\/acelerapyme\/wp-json\/wp\/v2\/categories?post=1511"},{"taxonomy":"post_tag","embeddable":true,"href":"https:\/\/www.cidaut.es\/acelerapyme\/wp-json\/wp\/v2\/tags?post=1511"}],"curies":[{"name":"wp","href":"https:\/\/api.w.org\/{rel}","templated":true}]}}