{"id":1537,"date":"2023-08-31T10:30:43","date_gmt":"2023-08-31T10:30:43","guid":{"rendered":"https:\/\/www.cidaut.es\/acelerapyme\/?p=1537"},"modified":"2023-08-31T10:30:45","modified_gmt":"2023-08-31T10:30:45","slug":"el-78-de-los-empleados-que-utilizan-la-ia-generativa-creen-que-ayuda-a-mejorar-el-rendimiento-el-ahorro-de-tiempo-y-la-creatividad-en-el-trabajo","status":"publish","type":"post","link":"https:\/\/www.cidaut.es\/acelerapyme\/el-78-de-los-empleados-que-utilizan-la-ia-generativa-creen-que-ayuda-a-mejorar-el-rendimiento-el-ahorro-de-tiempo-y-la-creatividad-en-el-trabajo\/","title":{"rendered":"El 78% de los empleados que utilizan la IA generativa creen que ayuda a mejorar el rendimiento, el ahorro de tiempo y la creatividad en el trabajo"},"content":{"rendered":"\n<figure class=\"wp-block-image aligncenter size-full is-resized\"><img loading=\"lazy\" decoding=\"async\" src=\"https:\/\/www.cidaut.es\/acelerapyme\/wp-content\/uploads\/2023\/08\/ai.jpg\" alt=\"\" class=\"wp-image-1539\" width=\"700\" height=\"400\"\/><\/figure>\n\n\n\n<p>\u00bfCu\u00e1l est\u00e1 siendo el impacto de la inteligencia artificial generativa en las empresas? Ante el auge de esta tecnolog\u00eda tan revolucionaria, el proveedor de opiniones de software&nbsp;Capterra&nbsp;ha realizado una encuesta para conocer la adopci\u00f3n, el uso y la percepci\u00f3n de la IA generativa entre los empleados que la usan para su trabajo al menos algunas veces al mes. Una de las principales conclusiones es que el 78% de los empleados que la utilizan en su entorno laboral consideran que ayuda a mejorar el rendimiento empresarial.<\/p>\n\n\n\n<p class=\"has-cyan-bluish-gray-color has-text-color\">Big Data Magazine<\/p>\n\n\n\n<p><\/p>\n\n\n\n<div class=\"wp-block-buttons is-layout-flex wp-block-buttons-is-layout-flex\">\n<div class=\"wp-block-button is-style-outline is-style-outline--1\"><a class=\"wp-block-button__link has-vivid-cyan-blue-color has-text-color wp-element-button\" href=\"https:\/\/bigdatamagazine.es\/el-78-de-los-empleados-que-utilizan-la-ia-generativa-creen-que-ayuda-a-mejorar-el-rendimiento-el-ahorro-de-tiempo-y-la-creatividad-en-el-trabajo\" style=\"border-radius:10px\">Leer<\/a><\/div>\n<\/div>\n","protected":false},"excerpt":{"rendered":"<p>\u00bfCu\u00e1l est\u00e1 siendo el impacto de la inteligencia artificial generativa en las empresas? Ante el auge de esta tecnolog\u00eda tan revolucionaria, el proveedor de opiniones de software&nbsp;Capterra&nbsp;ha realizado una encuesta para conocer la adopci\u00f3n, el uso y la percepci\u00f3n de la IA generativa entre los empleados que la usan para su trabajo al menos algunas [&hellip;]<\/p>\n","protected":false},"author":3,"featured_media":0,"comment_status":"open","ping_status":"open","sticky":false,"template":"","format":"standard","meta":{"_et_pb_use_builder":"","_et_pb_old_content":"","_et_gb_content_width":"","footnotes":""},"categories":[3],"tags":[],"class_list":["post-1537","post","type-post","status-publish","format-standard","hentry","category-noticias"],"_links":{"self":[{"href":"https:\/\/www.cidaut.es\/acelerapyme\/wp-json\/wp\/v2\/posts\/1537","targetHints":{"allow":["GET"]}}],"collection":[{"href":"https:\/\/www.cidaut.es\/acelerapyme\/wp-json\/wp\/v2\/posts"}],"about":[{"href":"https:\/\/www.cidaut.es\/acelerapyme\/wp-json\/wp\/v2\/types\/post"}],"author":[{"embeddable":true,"href":"https:\/\/www.cidaut.es\/acelerapyme\/wp-json\/wp\/v2\/users\/3"}],"replies":[{"embeddable":true,"href":"https:\/\/www.cidaut.es\/acelerapyme\/wp-json\/wp\/v2\/comments?post=1537"}],"version-history":[{"count":2,"href":"https:\/\/www.cidaut.es\/acelerapyme\/wp-json\/wp\/v2\/posts\/1537\/revisions"}],"predecessor-version":[{"id":1549,"href":"https:\/\/www.cidaut.es\/acelerapyme\/wp-json\/wp\/v2\/posts\/1537\/revisions\/1549"}],"wp:attachment":[{"href":"https:\/\/www.cidaut.es\/acelerapyme\/wp-json\/wp\/v2\/media?parent=1537"}],"wp:term":[{"taxonomy":"category","embeddable":true,"href":"https:\/\/www.cidaut.es\/acelerapyme\/wp-json\/wp\/v2\/categories?post=1537"},{"taxonomy":"post_tag","embeddable":true,"href":"https:\/\/www.cidaut.es\/acelerapyme\/wp-json\/wp\/v2\/tags?post=1537"}],"curies":[{"name":"wp","href":"https:\/\/api.w.org\/{rel}","templated":true}]}}