{"id":1662,"date":"2023-10-30T16:32:28","date_gmt":"2023-10-30T16:32:28","guid":{"rendered":"https:\/\/www.cidaut.es\/acelerapyme\/?p=1662"},"modified":"2023-10-30T16:32:29","modified_gmt":"2023-10-30T16:32:29","slug":"la-ia-generativa-supero-la-fase-experimental-segun-gartner","status":"publish","type":"post","link":"https:\/\/www.cidaut.es\/acelerapyme\/la-ia-generativa-supero-la-fase-experimental-segun-gartner\/","title":{"rendered":"La IA generativa super\u00f3 la fase experimental, seg\u00fan Gartner"},"content":{"rendered":"\n<figure class=\"wp-block-image size-full\"><img loading=\"lazy\" decoding=\"async\" width=\"1080\" height=\"600\" src=\"https:\/\/www.cidaut.es\/acelerapyme\/wp-content\/uploads\/2023\/10\/IA-generativa-ejecutivo.jpg\" alt=\"\" class=\"wp-image-1663\"\/><\/figure>\n\n\n\n<p>Gartner acaba de publicar unas estad\u00edsticas reveladoras: La IA generativa est\u00e1 pasando del laboratorio a la sala de juntas. Seg\u00fan una encuesta reciente realizada entre m\u00e1s de 1.400 ejecutivos, el 45% se encuentra ya en la fase piloto y otro 10% avanza a toda m\u00e1quina en su implantaci\u00f3n. Se trata de un salto significativo con respecto al m\u00edsero 15% que a principios de este a\u00f1o aventuraba pilotos. Los ejecutivos no s\u00f3lo est\u00e1n persiguiendo objetos brillosos; est\u00e1n apostando su dinero, cambiando el enfoque de su inversi\u00f3n de la \u00abexperiencia del cliente\u00bb a los \u00abobjetivos de crecimiento\u00bb. <\/p>\n\n\n\n<p class=\"has-cyan-bluish-gray-color has-text-color\">Diario TI<\/p>\n\n\n\n<p><\/p>\n\n\n\n<div class=\"wp-block-buttons is-layout-flex wp-block-buttons-is-layout-flex\">\n<div class=\"wp-block-button is-style-outline is-style-outline--1\"><a class=\"wp-block-button__link has-vivid-cyan-blue-color has-text-color wp-element-button\" href=\"https:\/\/diarioti.com\/la-ia-generativa-esta-dejando-atras-la-fase-exploratoria-segun-gartner\/123536\" style=\"border-radius:10px\">Leer<\/a><\/div>\n<\/div>\n","protected":false},"excerpt":{"rendered":"<p>Gartner acaba de publicar unas estad\u00edsticas reveladoras: La IA generativa est\u00e1 pasando del laboratorio a la sala de juntas. Seg\u00fan una encuesta reciente realizada entre m\u00e1s de 1.400 ejecutivos, el 45% se encuentra ya en la fase piloto y otro 10% avanza a toda m\u00e1quina en su implantaci\u00f3n. Se trata de un salto significativo con [&hellip;]<\/p>\n","protected":false},"author":3,"featured_media":0,"comment_status":"open","ping_status":"open","sticky":false,"template":"","format":"standard","meta":{"_et_pb_use_builder":"","_et_pb_old_content":"","_et_gb_content_width":"","footnotes":""},"categories":[3],"tags":[],"class_list":["post-1662","post","type-post","status-publish","format-standard","hentry","category-noticias"],"_links":{"self":[{"href":"https:\/\/www.cidaut.es\/acelerapyme\/wp-json\/wp\/v2\/posts\/1662","targetHints":{"allow":["GET"]}}],"collection":[{"href":"https:\/\/www.cidaut.es\/acelerapyme\/wp-json\/wp\/v2\/posts"}],"about":[{"href":"https:\/\/www.cidaut.es\/acelerapyme\/wp-json\/wp\/v2\/types\/post"}],"author":[{"embeddable":true,"href":"https:\/\/www.cidaut.es\/acelerapyme\/wp-json\/wp\/v2\/users\/3"}],"replies":[{"embeddable":true,"href":"https:\/\/www.cidaut.es\/acelerapyme\/wp-json\/wp\/v2\/comments?post=1662"}],"version-history":[{"count":1,"href":"https:\/\/www.cidaut.es\/acelerapyme\/wp-json\/wp\/v2\/posts\/1662\/revisions"}],"predecessor-version":[{"id":1664,"href":"https:\/\/www.cidaut.es\/acelerapyme\/wp-json\/wp\/v2\/posts\/1662\/revisions\/1664"}],"wp:attachment":[{"href":"https:\/\/www.cidaut.es\/acelerapyme\/wp-json\/wp\/v2\/media?parent=1662"}],"wp:term":[{"taxonomy":"category","embeddable":true,"href":"https:\/\/www.cidaut.es\/acelerapyme\/wp-json\/wp\/v2\/categories?post=1662"},{"taxonomy":"post_tag","embeddable":true,"href":"https:\/\/www.cidaut.es\/acelerapyme\/wp-json\/wp\/v2\/tags?post=1662"}],"curies":[{"name":"wp","href":"https:\/\/api.w.org\/{rel}","templated":true}]}}