{"id":1728,"date":"2023-11-30T16:30:36","date_gmt":"2023-11-30T16:30:36","guid":{"rendered":"https:\/\/www.cidaut.es\/acelerapyme\/?p=1728"},"modified":"2023-11-30T16:30:37","modified_gmt":"2023-11-30T16:30:37","slug":"abierta-la-convocatoria-de-ayudas-del-programa-activa-ciberseguridad","status":"publish","type":"post","link":"https:\/\/www.cidaut.es\/acelerapyme\/abierta-la-convocatoria-de-ayudas-del-programa-activa-ciberseguridad\/","title":{"rendered":"Abierta la convocatoria de ayudas del programa \u00abActiva Ciberseguridad\u00bb"},"content":{"rendered":"\n<figure class=\"wp-block-image aligncenter size-full\"><img loading=\"lazy\" decoding=\"async\" width=\"565\" height=\"319\" src=\"https:\/\/www.cidaut.es\/acelerapyme\/wp-content\/uploads\/2023\/11\/activa_seguridad.jpg\" alt=\"\" class=\"wp-image-1691\"\/><\/figure>\n\n\n\n<p>La Secretar\u00eda General de Industria y de la PYME ha lanzado la convocatoria 2023 de \u00abActiva Ciberseguridad\u00bb: un empuje para PYMES industriales que quieren blindar su ciberseguridad. Con 2.140\u20ac de ayuda, podr\u00e1s desarrollar un plan robusto y a medida. Plazo abierto desde el 8 de noviembre hasta agotar cr\u00e9dito presupuestario.<\/p>\n\n\n\n<p class=\"has-cyan-bluish-gray-color has-text-color has-link-color wp-elements-b6d48d235ee3dfa3acf7541df7c4441e\">Fundaci\u00f3n EOI<\/p>\n\n\n\n<p><\/p>\n\n\n\n<div class=\"wp-block-buttons is-layout-flex wp-block-buttons-is-layout-flex\">\n<div class=\"wp-block-button is-style-outline is-style-outline--1\"><a class=\"wp-block-button__link has-vivid-cyan-blue-color has-text-color has-link-color wp-element-button\" href=\"https:\/\/www.eoi.es\/es\/empresas\/programas-activa\/activa-ciberseguridad\" style=\"border-radius:10px\">Leer<\/a><\/div>\n<\/div>\n","protected":false},"excerpt":{"rendered":"<p>La Secretar\u00eda General de Industria y de la PYME ha lanzado la convocatoria 2023 de \u00abActiva Ciberseguridad\u00bb: un empuje para PYMES industriales que quieren blindar su ciberseguridad. Con 2.140\u20ac de ayuda, podr\u00e1s desarrollar un plan robusto y a medida. Plazo abierto desde el 8 de noviembre hasta agotar cr\u00e9dito presupuestario. Fundaci\u00f3n EOI<\/p>\n","protected":false},"author":3,"featured_media":0,"comment_status":"open","ping_status":"open","sticky":false,"template":"","format":"standard","meta":{"_et_pb_use_builder":"","_et_pb_old_content":"","_et_gb_content_width":"","footnotes":""},"categories":[3],"tags":[],"class_list":["post-1728","post","type-post","status-publish","format-standard","hentry","category-noticias"],"_links":{"self":[{"href":"https:\/\/www.cidaut.es\/acelerapyme\/wp-json\/wp\/v2\/posts\/1728","targetHints":{"allow":["GET"]}}],"collection":[{"href":"https:\/\/www.cidaut.es\/acelerapyme\/wp-json\/wp\/v2\/posts"}],"about":[{"href":"https:\/\/www.cidaut.es\/acelerapyme\/wp-json\/wp\/v2\/types\/post"}],"author":[{"embeddable":true,"href":"https:\/\/www.cidaut.es\/acelerapyme\/wp-json\/wp\/v2\/users\/3"}],"replies":[{"embeddable":true,"href":"https:\/\/www.cidaut.es\/acelerapyme\/wp-json\/wp\/v2\/comments?post=1728"}],"version-history":[{"count":1,"href":"https:\/\/www.cidaut.es\/acelerapyme\/wp-json\/wp\/v2\/posts\/1728\/revisions"}],"predecessor-version":[{"id":1729,"href":"https:\/\/www.cidaut.es\/acelerapyme\/wp-json\/wp\/v2\/posts\/1728\/revisions\/1729"}],"wp:attachment":[{"href":"https:\/\/www.cidaut.es\/acelerapyme\/wp-json\/wp\/v2\/media?parent=1728"}],"wp:term":[{"taxonomy":"category","embeddable":true,"href":"https:\/\/www.cidaut.es\/acelerapyme\/wp-json\/wp\/v2\/categories?post=1728"},{"taxonomy":"post_tag","embeddable":true,"href":"https:\/\/www.cidaut.es\/acelerapyme\/wp-json\/wp\/v2\/tags?post=1728"}],"curies":[{"name":"wp","href":"https:\/\/api.w.org\/{rel}","templated":true}]}}