{"id":1776,"date":"2023-12-20T15:16:40","date_gmt":"2023-12-20T15:16:40","guid":{"rendered":"https:\/\/www.cidaut.es\/acelerapyme\/?p=1776"},"modified":"2023-12-20T15:16:42","modified_gmt":"2023-12-20T15:16:42","slug":"el-miteco-lanza-ayudas-por-21-millones-para-proyectos-de-capacitacion-digital-en-el-medio-rural","status":"publish","type":"post","link":"https:\/\/www.cidaut.es\/acelerapyme\/el-miteco-lanza-ayudas-por-21-millones-para-proyectos-de-capacitacion-digital-en-el-medio-rural\/","title":{"rendered":"El MITECO lanza ayudas por 21 millones para proyectos de capacitaci\u00f3n digital en el medio rural"},"content":{"rendered":"\n<figure class=\"wp-block-image aligncenter size-full\"><img loading=\"lazy\" decoding=\"async\" width=\"1920\" height=\"1080\" src=\"https:\/\/www.cidaut.es\/acelerapyme\/wp-content\/uploads\/2023\/12\/Ordenadores.jpg\" alt=\"\" class=\"wp-image-1801\"\/><\/figure>\n\n\n\n<p>Con estas subvenciones se contribuye a&nbsp;cerrar la brecha digital, permitiendo la mejora de las competencias digitales de los colectivos m\u00e1s vulnerables del medio rural: las personas mayores, las personas en situaci\u00f3n de desempleo o la infancia y la juventud. De la misma manera, esta convocatoria responde al eje transversal de cohesi\u00f3n social y territorial del Plan de Recuperaci\u00f3n, e incorpora igualmente la perspectiva de g\u00e9nero.<\/p>\n\n\n\n<p>Las solicitudes se deber\u00e1n presentar en el plazo de&nbsp;60 d\u00edas naturales&nbsp;contados a partir del 12 de diciembre.<\/p>\n\n\n\n<p class=\"has-cyan-bluish-gray-color has-text-color has-link-color wp-elements-b6e9622d4e6cfd7578503901316f9d10\">Ministerio para la Transici\u00f3n Ecol\u00f3gica y el Reto Demogr\u00e1fico (Miteco)<\/p>\n\n\n\n<p><\/p>\n\n\n\n<div class=\"wp-block-buttons is-layout-flex wp-block-buttons-is-layout-flex\">\n<div class=\"wp-block-button is-style-fill\"><a class=\"wp-block-button__link has-vivid-cyan-blue-background-color has-background wp-element-button\" href=\"https:\/\/www.miteco.gob.es\/es\/prensa\/ultimas-noticias\/2023\/12\/miteco-convoca-ayudas-21-millones-proyectos-capacitacion-digital-medio-rural.html\" style=\"border-radius:10px\">Leer<\/a><\/div>\n<\/div>\n","protected":false},"excerpt":{"rendered":"<p>Con estas subvenciones se contribuye a&nbsp;cerrar la brecha digital, permitiendo la mejora de las competencias digitales de los colectivos m\u00e1s vulnerables del medio rural: las personas mayores, las personas en situaci\u00f3n de desempleo o la infancia y la juventud. De la misma manera, esta convocatoria responde al eje transversal de cohesi\u00f3n social y territorial del [&hellip;]<\/p>\n","protected":false},"author":3,"featured_media":0,"comment_status":"open","ping_status":"open","sticky":false,"template":"","format":"standard","meta":{"_et_pb_use_builder":"","_et_pb_old_content":"","_et_gb_content_width":"","footnotes":""},"categories":[3],"tags":[],"class_list":["post-1776","post","type-post","status-publish","format-standard","hentry","category-noticias"],"_links":{"self":[{"href":"https:\/\/www.cidaut.es\/acelerapyme\/wp-json\/wp\/v2\/posts\/1776","targetHints":{"allow":["GET"]}}],"collection":[{"href":"https:\/\/www.cidaut.es\/acelerapyme\/wp-json\/wp\/v2\/posts"}],"about":[{"href":"https:\/\/www.cidaut.es\/acelerapyme\/wp-json\/wp\/v2\/types\/post"}],"author":[{"embeddable":true,"href":"https:\/\/www.cidaut.es\/acelerapyme\/wp-json\/wp\/v2\/users\/3"}],"replies":[{"embeddable":true,"href":"https:\/\/www.cidaut.es\/acelerapyme\/wp-json\/wp\/v2\/comments?post=1776"}],"version-history":[{"count":3,"href":"https:\/\/www.cidaut.es\/acelerapyme\/wp-json\/wp\/v2\/posts\/1776\/revisions"}],"predecessor-version":[{"id":1821,"href":"https:\/\/www.cidaut.es\/acelerapyme\/wp-json\/wp\/v2\/posts\/1776\/revisions\/1821"}],"wp:attachment":[{"href":"https:\/\/www.cidaut.es\/acelerapyme\/wp-json\/wp\/v2\/media?parent=1776"}],"wp:term":[{"taxonomy":"category","embeddable":true,"href":"https:\/\/www.cidaut.es\/acelerapyme\/wp-json\/wp\/v2\/categories?post=1776"},{"taxonomy":"post_tag","embeddable":true,"href":"https:\/\/www.cidaut.es\/acelerapyme\/wp-json\/wp\/v2\/tags?post=1776"}],"curies":[{"name":"wp","href":"https:\/\/api.w.org\/{rel}","templated":true}]}}