{"id":1789,"date":"2023-12-20T15:15:43","date_gmt":"2023-12-20T15:15:43","guid":{"rendered":"https:\/\/www.cidaut.es\/acelerapyme\/?p=1789"},"modified":"2023-12-20T15:15:45","modified_gmt":"2023-12-20T15:15:45","slug":"intel-revela-el-acelerador-de-inteligencia-artificial-gaudi3","status":"publish","type":"post","link":"https:\/\/www.cidaut.es\/acelerapyme\/intel-revela-el-acelerador-de-inteligencia-artificial-gaudi3\/","title":{"rendered":"Intel revela el acelerador de inteligencia artificial Gaudi3"},"content":{"rendered":"\n<figure class=\"wp-block-image aligncenter size-full\"><img loading=\"lazy\" decoding=\"async\" width=\"684\" height=\"513\" src=\"https:\/\/www.cidaut.es\/acelerapyme\/wp-content\/uploads\/2023\/12\/intel.jpg\" alt=\"\" class=\"wp-image-1811\"\/><\/figure>\n\n\n\n<p>Intel est\u00e1 renovando su l\u00ednea de productos para potenciar las capacidades de la inteligencia artificial (IA), incluyendo los procesadores Core Ultra. Entre estos productos se encuentra tambi\u00e9n su acelerador de IA de pr\u00f3xima generaci\u00f3n para aprendizaje profundo y modelos de IA generativa a gran escala. Se trata de Gaudi3, que Pat Gelsinger ha mostrado por primera vez con motivo del evento AI Everywhere. Aunque sin dar muchos detalles, el CEO de Intel ha confirmado que los trabajos con este acelerador van seg\u00fan lo previsto y llegar\u00e1 al mercado el pr\u00f3ximo a\u00f1o.<\/p>\n\n\n\n<p class=\"has-cyan-bluish-gray-color has-text-color has-link-color wp-elements-2b77613e01e3b3830e440e9730ed813a\">Silicon<\/p>\n\n\n\n<p><\/p>\n\n\n\n<div class=\"wp-block-buttons is-layout-flex wp-block-buttons-is-layout-flex\">\n<div class=\"wp-block-button\"><a class=\"wp-block-button__link has-vivid-cyan-blue-background-color has-background wp-element-button\" href=\"https:\/\/www.silicon.es\/intel-revela-el-acelerador-de-inteligencia-artificial-gaudi3-2492132\" style=\"border-radius:10px\">Leer<\/a><\/div>\n<\/div>\n","protected":false},"excerpt":{"rendered":"<p>Intel est\u00e1 renovando su l\u00ednea de productos para potenciar las capacidades de la inteligencia artificial (IA), incluyendo los procesadores Core Ultra. Entre estos productos se encuentra tambi\u00e9n su acelerador de IA de pr\u00f3xima generaci\u00f3n para aprendizaje profundo y modelos de IA generativa a gran escala. Se trata de Gaudi3, que Pat Gelsinger ha mostrado por [&hellip;]<\/p>\n","protected":false},"author":3,"featured_media":0,"comment_status":"open","ping_status":"open","sticky":false,"template":"","format":"standard","meta":{"_et_pb_use_builder":"","_et_pb_old_content":"","_et_gb_content_width":"","footnotes":""},"categories":[3],"tags":[],"class_list":["post-1789","post","type-post","status-publish","format-standard","hentry","category-noticias"],"_links":{"self":[{"href":"https:\/\/www.cidaut.es\/acelerapyme\/wp-json\/wp\/v2\/posts\/1789","targetHints":{"allow":["GET"]}}],"collection":[{"href":"https:\/\/www.cidaut.es\/acelerapyme\/wp-json\/wp\/v2\/posts"}],"about":[{"href":"https:\/\/www.cidaut.es\/acelerapyme\/wp-json\/wp\/v2\/types\/post"}],"author":[{"embeddable":true,"href":"https:\/\/www.cidaut.es\/acelerapyme\/wp-json\/wp\/v2\/users\/3"}],"replies":[{"embeddable":true,"href":"https:\/\/www.cidaut.es\/acelerapyme\/wp-json\/wp\/v2\/comments?post=1789"}],"version-history":[{"count":2,"href":"https:\/\/www.cidaut.es\/acelerapyme\/wp-json\/wp\/v2\/posts\/1789\/revisions"}],"predecessor-version":[{"id":1812,"href":"https:\/\/www.cidaut.es\/acelerapyme\/wp-json\/wp\/v2\/posts\/1789\/revisions\/1812"}],"wp:attachment":[{"href":"https:\/\/www.cidaut.es\/acelerapyme\/wp-json\/wp\/v2\/media?parent=1789"}],"wp:term":[{"taxonomy":"category","embeddable":true,"href":"https:\/\/www.cidaut.es\/acelerapyme\/wp-json\/wp\/v2\/categories?post=1789"},{"taxonomy":"post_tag","embeddable":true,"href":"https:\/\/www.cidaut.es\/acelerapyme\/wp-json\/wp\/v2\/tags?post=1789"}],"curies":[{"name":"wp","href":"https:\/\/api.w.org\/{rel}","templated":true}]}}