{"id":1862,"date":"2024-02-01T07:40:30","date_gmt":"2024-02-01T07:40:30","guid":{"rendered":"https:\/\/www.cidaut.es\/acelerapyme\/?p=1862"},"modified":"2024-02-01T07:40:32","modified_gmt":"2024-02-01T07:40:32","slug":"como-va-a-afectar-la-ley-de-inteligencia-artificial-a-las-organizaciones","status":"publish","type":"post","link":"https:\/\/www.cidaut.es\/acelerapyme\/como-va-a-afectar-la-ley-de-inteligencia-artificial-a-las-organizaciones\/","title":{"rendered":"\u00bfC\u00f3mo va a afectar la Ley de Inteligencia Artificial a las organizaciones?"},"content":{"rendered":"\n<figure class=\"wp-block-image aligncenter size-full\"><img loading=\"lazy\" decoding=\"async\" width=\"750\" height=\"450\" src=\"https:\/\/www.cidaut.es\/acelerapyme\/wp-content\/uploads\/2024\/01\/Ley-de-Inteligencia-Artificial.jpg\" alt=\"\" class=\"wp-image-1868\"\/><\/figure>\n\n\n\n<p>Esta ley es una regulaci\u00f3n pionera en el mundo, por lo que se pretende que se establezca como un est\u00e1ndar a nivel global, de manera similar a lo que se ha hecho con el Reglamento General de Protecci\u00f3n de Datos. As\u00ed pues, con la finalidad de explicar c\u00f3mo afecta esta nueva normativa a las empresas, los expertos de Evolutio, compa\u00f1\u00eda 100% espa\u00f1ola experta en integraci\u00f3n de servicios tecnol\u00f3gicos, han elaborado 5 puntos en los que se explica c\u00f3mo va afectar a las organizaciones dicha ley.<\/p>\n\n\n\n<p class=\"has-cyan-bluish-gray-color has-text-color has-link-color wp-elements-d109f5b726b1c37c59ab82624017db60\">BigData Magazine<\/p>\n\n\n\n<p><\/p>\n\n\n\n<div class=\"wp-block-buttons is-layout-flex wp-block-buttons-is-layout-flex\">\n<div class=\"wp-block-button is-style-outline is-style-outline--1\"><a class=\"wp-block-button__link has-vivid-cyan-blue-color has-text-color has-link-color wp-element-button\" href=\"https:\/\/bigdatamagazine.es\/como-va-a-afectar-la-ley-de-inteligencia-artificial-a-las-organizaciones\" style=\"border-radius:10px\">Leer<\/a><\/div>\n<\/div>\n","protected":false},"excerpt":{"rendered":"<p>Esta ley es una regulaci\u00f3n pionera en el mundo, por lo que se pretende que se establezca como un est\u00e1ndar a nivel global, de manera similar a lo que se ha hecho con el Reglamento General de Protecci\u00f3n de Datos. As\u00ed pues, con la finalidad de explicar c\u00f3mo afecta esta nueva normativa a las empresas, [&hellip;]<\/p>\n","protected":false},"author":3,"featured_media":0,"comment_status":"open","ping_status":"open","sticky":false,"template":"","format":"standard","meta":{"_et_pb_use_builder":"","_et_pb_old_content":"","_et_gb_content_width":"","footnotes":""},"categories":[3],"tags":[],"class_list":["post-1862","post","type-post","status-publish","format-standard","hentry","category-noticias"],"_links":{"self":[{"href":"https:\/\/www.cidaut.es\/acelerapyme\/wp-json\/wp\/v2\/posts\/1862","targetHints":{"allow":["GET"]}}],"collection":[{"href":"https:\/\/www.cidaut.es\/acelerapyme\/wp-json\/wp\/v2\/posts"}],"about":[{"href":"https:\/\/www.cidaut.es\/acelerapyme\/wp-json\/wp\/v2\/types\/post"}],"author":[{"embeddable":true,"href":"https:\/\/www.cidaut.es\/acelerapyme\/wp-json\/wp\/v2\/users\/3"}],"replies":[{"embeddable":true,"href":"https:\/\/www.cidaut.es\/acelerapyme\/wp-json\/wp\/v2\/comments?post=1862"}],"version-history":[{"count":2,"href":"https:\/\/www.cidaut.es\/acelerapyme\/wp-json\/wp\/v2\/posts\/1862\/revisions"}],"predecessor-version":[{"id":1870,"href":"https:\/\/www.cidaut.es\/acelerapyme\/wp-json\/wp\/v2\/posts\/1862\/revisions\/1870"}],"wp:attachment":[{"href":"https:\/\/www.cidaut.es\/acelerapyme\/wp-json\/wp\/v2\/media?parent=1862"}],"wp:term":[{"taxonomy":"category","embeddable":true,"href":"https:\/\/www.cidaut.es\/acelerapyme\/wp-json\/wp\/v2\/categories?post=1862"},{"taxonomy":"post_tag","embeddable":true,"href":"https:\/\/www.cidaut.es\/acelerapyme\/wp-json\/wp\/v2\/tags?post=1862"}],"curies":[{"name":"wp","href":"https:\/\/api.w.org\/{rel}","templated":true}]}}