{"id":1883,"date":"2024-02-01T07:39:33","date_gmt":"2024-02-01T07:39:33","guid":{"rendered":"https:\/\/www.cidaut.es\/acelerapyme\/?p=1883"},"modified":"2024-02-01T07:39:36","modified_gmt":"2024-02-01T07:39:36","slug":"gobierno-central-y-autonomias-acuerdan-las-ayudas-para-la-digitalizacion-del-sector-turistico","status":"publish","type":"post","link":"https:\/\/www.cidaut.es\/acelerapyme\/gobierno-central-y-autonomias-acuerdan-las-ayudas-para-la-digitalizacion-del-sector-turistico\/","title":{"rendered":"Gobierno central y autonom\u00edas acuerdan las ayudas para la digitalizaci\u00f3n del sector tur\u00edstico"},"content":{"rendered":"\n<figure class=\"wp-block-image aligncenter size-full is-resized\"><img loading=\"lazy\" decoding=\"async\" width=\"875\" height=\"500\" src=\"https:\/\/www.cidaut.es\/acelerapyme\/wp-content\/uploads\/2024\/01\/conferencia_turismo.jpeg\" alt=\"\" class=\"wp-image-1884\" style=\"width:684px;height:auto\"\/><\/figure>\n\n\n\n<p>El Ministerio de Industria y Turismo y las comunidades aut\u00f3nomas acordaron el 29 de diciembre, en el marco de la Conferencia Sectorial de Turismo, el reparto territorial de 183 millones de euros del Plan de Recuperaci\u00f3n en ayudas para planes de sostenibilidad social, eficiencia energ\u00e9tica y formaci\u00f3n en competencias digitales del sector tur\u00edstico. El ministro del ramo, Jordi Hereu, destac\u00f3 \u201cla importancia de los acuerdos adoptados y el clima de colaboraci\u00f3n con las comunidades aut\u00f3nomas para seguir fortaleciendo el sector tur\u00edstico\u201d.<\/p>\n\n\n\n<p class=\"has-cyan-bluish-gray-color has-text-color has-link-color wp-elements-8ba46938e6b9fd35b09770010b7f76b4\">Interempresas<\/p>\n\n\n\n<p><\/p>\n\n\n\n<div class=\"wp-block-buttons is-layout-flex wp-block-buttons-is-layout-flex\">\n<div class=\"wp-block-button is-style-outline is-style-outline--1\"><a class=\"wp-block-button__link has-vivid-cyan-blue-color has-text-color has-link-color wp-element-button\" href=\"https:\/\/www.interempresas.net\/Smart_Cities\/Articulos\/536518-Gobierno-central-comunidades-autonomas-acuerdan-reparto-ayudas-sostenibilidad-social.html\" style=\"border-radius:10px\">Leer<\/a><\/div>\n<\/div>\n","protected":false},"excerpt":{"rendered":"<p>El Ministerio de Industria y Turismo y las comunidades aut\u00f3nomas acordaron el 29 de diciembre, en el marco de la Conferencia Sectorial de Turismo, el reparto territorial de 183 millones de euros del Plan de Recuperaci\u00f3n en ayudas para planes de sostenibilidad social, eficiencia energ\u00e9tica y formaci\u00f3n en competencias digitales del sector tur\u00edstico. El ministro [&hellip;]<\/p>\n","protected":false},"author":3,"featured_media":0,"comment_status":"open","ping_status":"open","sticky":false,"template":"","format":"standard","meta":{"_et_pb_use_builder":"","_et_pb_old_content":"","_et_gb_content_width":"","footnotes":""},"categories":[3],"tags":[],"class_list":["post-1883","post","type-post","status-publish","format-standard","hentry","category-noticias"],"_links":{"self":[{"href":"https:\/\/www.cidaut.es\/acelerapyme\/wp-json\/wp\/v2\/posts\/1883","targetHints":{"allow":["GET"]}}],"collection":[{"href":"https:\/\/www.cidaut.es\/acelerapyme\/wp-json\/wp\/v2\/posts"}],"about":[{"href":"https:\/\/www.cidaut.es\/acelerapyme\/wp-json\/wp\/v2\/types\/post"}],"author":[{"embeddable":true,"href":"https:\/\/www.cidaut.es\/acelerapyme\/wp-json\/wp\/v2\/users\/3"}],"replies":[{"embeddable":true,"href":"https:\/\/www.cidaut.es\/acelerapyme\/wp-json\/wp\/v2\/comments?post=1883"}],"version-history":[{"count":1,"href":"https:\/\/www.cidaut.es\/acelerapyme\/wp-json\/wp\/v2\/posts\/1883\/revisions"}],"predecessor-version":[{"id":1885,"href":"https:\/\/www.cidaut.es\/acelerapyme\/wp-json\/wp\/v2\/posts\/1883\/revisions\/1885"}],"wp:attachment":[{"href":"https:\/\/www.cidaut.es\/acelerapyme\/wp-json\/wp\/v2\/media?parent=1883"}],"wp:term":[{"taxonomy":"category","embeddable":true,"href":"https:\/\/www.cidaut.es\/acelerapyme\/wp-json\/wp\/v2\/categories?post=1883"},{"taxonomy":"post_tag","embeddable":true,"href":"https:\/\/www.cidaut.es\/acelerapyme\/wp-json\/wp\/v2\/tags?post=1883"}],"curies":[{"name":"wp","href":"https:\/\/api.w.org\/{rel}","templated":true}]}}