{"id":1949,"date":"2024-02-29T13:18:11","date_gmt":"2024-02-29T13:18:11","guid":{"rendered":"https:\/\/www.cidaut.es\/acelerapyme\/?p=1949"},"modified":"2024-02-29T13:18:12","modified_gmt":"2024-02-29T13:18:12","slug":"la-red-de-centros-rurales-de-formacion-en-competencias-digitales-de-castilla-y-leon-se-triplica","status":"publish","type":"post","link":"https:\/\/www.cidaut.es\/acelerapyme\/la-red-de-centros-rurales-de-formacion-en-competencias-digitales-de-castilla-y-leon-se-triplica\/","title":{"rendered":"La red de centros rurales de formaci\u00f3n en competencias digitales de Castilla y Le\u00f3n se triplica"},"content":{"rendered":"\n<figure class=\"wp-block-image aligncenter size-full\"><img loading=\"lazy\" decoding=\"async\" width=\"1750\" height=\"1000\" src=\"https:\/\/www.cidaut.es\/acelerapyme\/wp-content\/uploads\/2024\/02\/redrural.jpeg\" alt=\"\" class=\"wp-image-1950\"\/><\/figure>\n\n\n\n<p>El incremento del n\u00famero de centros rurales de formaci\u00f3n en competencias digitales de Castilla y Le\u00f3n se debe, se\u00f1alan en una nota de prensa fuentes del Ejecutivo auton\u00f3mico, \u201cpor la cesi\u00f3n por parte de la Junta de m\u00e1s de 1.500 ordenadores port\u00e1tiles, con una inversi\u00f3n de m\u00e1s de dos millones de euros, procedentes de fondos europeos. Adem\u00e1s, la Consejer\u00eda de Movilidad y Transformaci\u00f3n Digital va a invertir 6,9 millones, tambi\u00e9n con fondos europeos, para la contrataci\u00f3n de nuevos formadores presenciales y online\u201d.<\/p>\n\n\n\n<p class=\"has-cyan-bluish-gray-color has-text-color has-link-color wp-elements-8ba46938e6b9fd35b09770010b7f76b4\">Interempresas<\/p>\n\n\n\n<p><\/p>\n\n\n\n<div class=\"wp-block-buttons is-layout-flex wp-block-buttons-is-layout-flex\">\n<div class=\"wp-block-button is-style-outline is-style-outline--1\"><a class=\"wp-block-button__link has-vivid-cyan-blue-color has-text-color has-link-color wp-element-button\" href=\"https:\/\/www.interempresas.net\/Smart_Cities\/Articulos\/539756-red-centros-rurales-formacion-competencias-digitales-Castilla-Leon-se-triplica.html\" style=\"border-radius:10px\">Leer<\/a><\/div>\n<\/div>\n","protected":false},"excerpt":{"rendered":"<p>El incremento del n\u00famero de centros rurales de formaci\u00f3n en competencias digitales de Castilla y Le\u00f3n se debe, se\u00f1alan en una nota de prensa fuentes del Ejecutivo auton\u00f3mico, \u201cpor la cesi\u00f3n por parte de la Junta de m\u00e1s de 1.500 ordenadores port\u00e1tiles, con una inversi\u00f3n de m\u00e1s de dos millones de euros, procedentes de fondos [&hellip;]<\/p>\n","protected":false},"author":3,"featured_media":0,"comment_status":"open","ping_status":"open","sticky":false,"template":"","format":"standard","meta":{"_et_pb_use_builder":"","_et_pb_old_content":"","_et_gb_content_width":"","footnotes":""},"categories":[3],"tags":[],"class_list":["post-1949","post","type-post","status-publish","format-standard","hentry","category-noticias"],"_links":{"self":[{"href":"https:\/\/www.cidaut.es\/acelerapyme\/wp-json\/wp\/v2\/posts\/1949","targetHints":{"allow":["GET"]}}],"collection":[{"href":"https:\/\/www.cidaut.es\/acelerapyme\/wp-json\/wp\/v2\/posts"}],"about":[{"href":"https:\/\/www.cidaut.es\/acelerapyme\/wp-json\/wp\/v2\/types\/post"}],"author":[{"embeddable":true,"href":"https:\/\/www.cidaut.es\/acelerapyme\/wp-json\/wp\/v2\/users\/3"}],"replies":[{"embeddable":true,"href":"https:\/\/www.cidaut.es\/acelerapyme\/wp-json\/wp\/v2\/comments?post=1949"}],"version-history":[{"count":1,"href":"https:\/\/www.cidaut.es\/acelerapyme\/wp-json\/wp\/v2\/posts\/1949\/revisions"}],"predecessor-version":[{"id":1951,"href":"https:\/\/www.cidaut.es\/acelerapyme\/wp-json\/wp\/v2\/posts\/1949\/revisions\/1951"}],"wp:attachment":[{"href":"https:\/\/www.cidaut.es\/acelerapyme\/wp-json\/wp\/v2\/media?parent=1949"}],"wp:term":[{"taxonomy":"category","embeddable":true,"href":"https:\/\/www.cidaut.es\/acelerapyme\/wp-json\/wp\/v2\/categories?post=1949"},{"taxonomy":"post_tag","embeddable":true,"href":"https:\/\/www.cidaut.es\/acelerapyme\/wp-json\/wp\/v2\/tags?post=1949"}],"curies":[{"name":"wp","href":"https:\/\/api.w.org\/{rel}","templated":true}]}}