{"id":1957,"date":"2024-02-29T13:17:38","date_gmt":"2024-02-29T13:17:38","guid":{"rendered":"https:\/\/www.cidaut.es\/acelerapyme\/?p=1957"},"modified":"2024-02-29T13:17:39","modified_gmt":"2024-02-29T13:17:39","slug":"perspectivas-de-la-adopcion-de-la-ia-generativa","status":"publish","type":"post","link":"https:\/\/www.cidaut.es\/acelerapyme\/perspectivas-de-la-adopcion-de-la-ia-generativa\/","title":{"rendered":"Perspectivas de la adopci\u00f3n de la IA Generativa"},"content":{"rendered":"\n<figure class=\"wp-block-image aligncenter size-full\"><img loading=\"lazy\" decoding=\"async\" width=\"1024\" height=\"555\" src=\"https:\/\/www.cidaut.es\/acelerapyme\/wp-content\/uploads\/2024\/02\/perspectivas.webp\" alt=\"\" class=\"wp-image-1958\"\/><\/figure>\n\n\n\n<p>Para ayudar a tomar decisiones los l\u00edderes de las organizaciones necesitan informaci\u00f3n objetiva sobre los desarrollos actuales de IA Generativa y hacia d\u00f3nde se dirigen las cosas, para la toma de decisiones informadas y seguras sobre la IA a nivel de estrategia, inversi\u00f3n y despliegue. Ver\u00f3nica S\u00e1nchez, profesional con m\u00e1s de 23 a\u00f1os de experiencia liderando la pr\u00e1ctica Global de Capital Markets&nbsp; en VASS company nos habla sobre ello.<\/p>\n\n\n\n<p class=\"has-cyan-bluish-gray-color has-text-color has-link-color wp-elements-d109f5b726b1c37c59ab82624017db60\">BigData Magazine<\/p>\n\n\n\n<p><\/p>\n\n\n\n<div class=\"wp-block-buttons is-layout-flex wp-block-buttons-is-layout-flex\">\n<div class=\"wp-block-button is-style-outline is-style-outline--1\"><a class=\"wp-block-button__link has-vivid-cyan-blue-color has-text-color has-link-color wp-element-button\" href=\"https:\/\/bigdatamagazine.es\/perspectivas-de-la-adopcion-de-la-ia-generativa\" style=\"border-radius:10px\">Leer<\/a><\/div>\n<\/div>\n","protected":false},"excerpt":{"rendered":"<p>Para ayudar a tomar decisiones los l\u00edderes de las organizaciones necesitan informaci\u00f3n objetiva sobre los desarrollos actuales de IA Generativa y hacia d\u00f3nde se dirigen las cosas, para la toma de decisiones informadas y seguras sobre la IA a nivel de estrategia, inversi\u00f3n y despliegue. Ver\u00f3nica S\u00e1nchez, profesional con m\u00e1s de 23 a\u00f1os de experiencia [&hellip;]<\/p>\n","protected":false},"author":3,"featured_media":0,"comment_status":"open","ping_status":"open","sticky":false,"template":"","format":"standard","meta":{"_et_pb_use_builder":"","_et_pb_old_content":"","_et_gb_content_width":"","footnotes":""},"categories":[3],"tags":[],"class_list":["post-1957","post","type-post","status-publish","format-standard","hentry","category-noticias"],"_links":{"self":[{"href":"https:\/\/www.cidaut.es\/acelerapyme\/wp-json\/wp\/v2\/posts\/1957","targetHints":{"allow":["GET"]}}],"collection":[{"href":"https:\/\/www.cidaut.es\/acelerapyme\/wp-json\/wp\/v2\/posts"}],"about":[{"href":"https:\/\/www.cidaut.es\/acelerapyme\/wp-json\/wp\/v2\/types\/post"}],"author":[{"embeddable":true,"href":"https:\/\/www.cidaut.es\/acelerapyme\/wp-json\/wp\/v2\/users\/3"}],"replies":[{"embeddable":true,"href":"https:\/\/www.cidaut.es\/acelerapyme\/wp-json\/wp\/v2\/comments?post=1957"}],"version-history":[{"count":1,"href":"https:\/\/www.cidaut.es\/acelerapyme\/wp-json\/wp\/v2\/posts\/1957\/revisions"}],"predecessor-version":[{"id":1959,"href":"https:\/\/www.cidaut.es\/acelerapyme\/wp-json\/wp\/v2\/posts\/1957\/revisions\/1959"}],"wp:attachment":[{"href":"https:\/\/www.cidaut.es\/acelerapyme\/wp-json\/wp\/v2\/media?parent=1957"}],"wp:term":[{"taxonomy":"category","embeddable":true,"href":"https:\/\/www.cidaut.es\/acelerapyme\/wp-json\/wp\/v2\/categories?post=1957"},{"taxonomy":"post_tag","embeddable":true,"href":"https:\/\/www.cidaut.es\/acelerapyme\/wp-json\/wp\/v2\/tags?post=1957"}],"curies":[{"name":"wp","href":"https:\/\/api.w.org\/{rel}","templated":true}]}}