{"id":1989,"date":"2024-03-26T14:46:18","date_gmt":"2024-03-26T14:46:18","guid":{"rendered":"https:\/\/www.cidaut.es\/acelerapyme\/?p=1989"},"modified":"2024-03-26T14:46:19","modified_gmt":"2024-03-26T14:46:19","slug":"la-mayoria-de-las-empresas-espanolas-no-prepara-a-sus-trabajadores-para-la-ia","status":"publish","type":"post","link":"https:\/\/www.cidaut.es\/acelerapyme\/la-mayoria-de-las-empresas-espanolas-no-prepara-a-sus-trabajadores-para-la-ia\/","title":{"rendered":"La mayor\u00eda de las empresas espa\u00f1olas no prepara a sus trabajadores para la IA"},"content":{"rendered":"\n<figure class=\"wp-block-image aligncenter size-full\"><img loading=\"lazy\" decoding=\"async\" width=\"672\" height=\"378\" src=\"https:\/\/www.cidaut.es\/acelerapyme\/wp-content\/uploads\/2024\/03\/trabajadores.jpg\" alt=\"\" class=\"wp-image-1990\"\/><\/figure>\n\n\n\n<p>Un 86 % de las empresas espa\u00f1olas quiere incrementar su plantilla durante 2024. Pero muchas no est\u00e1n preparadas para capacitar a sus trabajadores. Seg\u00fan datos de LinkedIn, solamente el 41 % de los l\u00edderes empresariales est\u00e1 preparando activamente a sus trabajadores con las habilidades necesarias, sobre todo en inteligencia artificial (IA). En Espa\u00f1a, el 72 % de los directores de recursos humanos anticipa un incremento en la brecha de habilidades para los pr\u00f3ximos cinco a\u00f1os. Y esto podr\u00eda empeorar por el aumento de la rotaci\u00f3n de empleados.<\/p>\n\n\n\n<p class=\"has-cyan-bluish-gray-color has-text-color has-link-color wp-elements-2b77613e01e3b3830e440e9730ed813a\">Silicon<\/p>\n\n\n\n<p><\/p>\n\n\n\n<div class=\"wp-block-buttons is-layout-flex wp-block-buttons-is-layout-flex\">\n<div class=\"wp-block-button is-style-outline is-style-outline--1\"><a class=\"wp-block-button__link has-vivid-cyan-blue-color has-text-color has-link-color wp-element-button\" href=\"https:\/\/www.silicon.es\/la-mayoria-de-las-empresas-espanolas-no-prepara-a-sus-trabajadores-para-la-ia-2519485\" style=\"border-radius:10px\">Leer<\/a><\/div>\n<\/div>\n","protected":false},"excerpt":{"rendered":"<p>Un 86 % de las empresas espa\u00f1olas quiere incrementar su plantilla durante 2024. Pero muchas no est\u00e1n preparadas para capacitar a sus trabajadores. Seg\u00fan datos de LinkedIn, solamente el 41 % de los l\u00edderes empresariales est\u00e1 preparando activamente a sus trabajadores con las habilidades necesarias, sobre todo en inteligencia artificial (IA). En Espa\u00f1a, el 72 [&hellip;]<\/p>\n","protected":false},"author":3,"featured_media":0,"comment_status":"open","ping_status":"open","sticky":false,"template":"","format":"standard","meta":{"_et_pb_use_builder":"","_et_pb_old_content":"","_et_gb_content_width":"","footnotes":""},"categories":[3],"tags":[],"class_list":["post-1989","post","type-post","status-publish","format-standard","hentry","category-noticias"],"_links":{"self":[{"href":"https:\/\/www.cidaut.es\/acelerapyme\/wp-json\/wp\/v2\/posts\/1989","targetHints":{"allow":["GET"]}}],"collection":[{"href":"https:\/\/www.cidaut.es\/acelerapyme\/wp-json\/wp\/v2\/posts"}],"about":[{"href":"https:\/\/www.cidaut.es\/acelerapyme\/wp-json\/wp\/v2\/types\/post"}],"author":[{"embeddable":true,"href":"https:\/\/www.cidaut.es\/acelerapyme\/wp-json\/wp\/v2\/users\/3"}],"replies":[{"embeddable":true,"href":"https:\/\/www.cidaut.es\/acelerapyme\/wp-json\/wp\/v2\/comments?post=1989"}],"version-history":[{"count":1,"href":"https:\/\/www.cidaut.es\/acelerapyme\/wp-json\/wp\/v2\/posts\/1989\/revisions"}],"predecessor-version":[{"id":1991,"href":"https:\/\/www.cidaut.es\/acelerapyme\/wp-json\/wp\/v2\/posts\/1989\/revisions\/1991"}],"wp:attachment":[{"href":"https:\/\/www.cidaut.es\/acelerapyme\/wp-json\/wp\/v2\/media?parent=1989"}],"wp:term":[{"taxonomy":"category","embeddable":true,"href":"https:\/\/www.cidaut.es\/acelerapyme\/wp-json\/wp\/v2\/categories?post=1989"},{"taxonomy":"post_tag","embeddable":true,"href":"https:\/\/www.cidaut.es\/acelerapyme\/wp-json\/wp\/v2\/tags?post=1989"}],"curies":[{"name":"wp","href":"https:\/\/api.w.org\/{rel}","templated":true}]}}