{"id":2073,"date":"2024-04-30T13:55:32","date_gmt":"2024-04-30T13:55:32","guid":{"rendered":"https:\/\/www.cidaut.es\/acelerapyme\/?p=2073"},"modified":"2024-04-30T13:55:34","modified_gmt":"2024-04-30T13:55:34","slug":"espana-impulsara-el-uso-de-la-inteligencia-artificial-para-facilitar-la-competitividad-y-el-crecimiento-de-las-pymes-europeas","status":"publish","type":"post","link":"https:\/\/www.cidaut.es\/acelerapyme\/espana-impulsara-el-uso-de-la-inteligencia-artificial-para-facilitar-la-competitividad-y-el-crecimiento-de-las-pymes-europeas\/","title":{"rendered":"Espa\u00f1a impulsar\u00e1 el uso de la Inteligencia Artificial para facilitar la competitividad y el crecimiento de las pymes europeas"},"content":{"rendered":"\n<figure class=\"wp-block-image aligncenter size-full\"><img loading=\"lazy\" decoding=\"async\" width=\"698\" height=\"465\" src=\"https:\/\/www.cidaut.es\/acelerapyme\/wp-content\/uploads\/2024\/04\/IA_RRSS-1.png\" alt=\"\" class=\"wp-image-2075\" srcset=\"https:\/\/www.cidaut.es\/acelerapyme\/wp-content\/uploads\/2024\/04\/IA_RRSS-1.png 698w, https:\/\/www.cidaut.es\/acelerapyme\/wp-content\/uploads\/2024\/04\/IA_RRSS-1-480x320.png 480w\" sizes=\"(min-width: 0px) and (max-width: 480px) 480px, (min-width: 481px) 698px, 100vw\" \/><\/figure>\n\n\n\n<p>A trav\u00e9s del uso \u00e9tico y responsable de IA, las pymes se podr\u00edan beneficiar de un \u00abadministrador artificial\u00bb que se encargue de la gesti\u00f3n de los tr\u00e1mites y las interacciones con las administraciones, para que las empresas se puedan centrar en su negocio principal. La herramienta tiene el potencial de generar aumentos de productividad para un gran n\u00famero de sectores econ\u00f3micos. Este proyecto, que se est\u00e1 desarrollando entre el Ministerio de Econom\u00eda, Comercio y Empresa y el Ministerio para la Transformaci\u00f3n Digital y de la Funci\u00f3n P\u00fablica, contempla la colaboraci\u00f3n entre la administraci\u00f3n y empresas de tecnolog\u00eda puntera para implementar modelos de IA dirigidos a las pymes.<\/p>\n\n\n\n<p class=\"has-cyan-bluish-gray-color has-text-color has-link-color wp-elements-e460488702b548fa501c08f3051694ab\">La Moncloa<\/p>\n\n\n\n<p><\/p>\n\n\n\n<div class=\"wp-block-buttons is-layout-flex wp-block-buttons-is-layout-flex\">\n<div class=\"wp-block-button is-style-outline is-style-outline--1\"><a class=\"wp-block-button__link has-vivid-cyan-blue-color has-text-color has-link-color wp-element-button\" href=\"https:\/\/www.lamoncloa.gob.es\/serviciosdeprensa\/notasprensa\/economia-comercio-empresa\/Paginas\/2024\/120424-cuerpo-fomento-ia-ministros-ue.aspx\" style=\"border-radius:10px\">Leer<\/a><\/div>\n<\/div>\n","protected":false},"excerpt":{"rendered":"<p>A trav\u00e9s del uso \u00e9tico y responsable de IA, las pymes se podr\u00edan beneficiar de un \u00abadministrador artificial\u00bb que se encargue de la gesti\u00f3n de los tr\u00e1mites y las interacciones con las administraciones, para que las empresas se puedan centrar en su negocio principal. La herramienta tiene el potencial de generar aumentos de productividad para [&hellip;]<\/p>\n","protected":false},"author":3,"featured_media":0,"comment_status":"open","ping_status":"open","sticky":false,"template":"","format":"standard","meta":{"_et_pb_use_builder":"","_et_pb_old_content":"","_et_gb_content_width":"","footnotes":""},"categories":[3],"tags":[],"class_list":["post-2073","post","type-post","status-publish","format-standard","hentry","category-noticias"],"_links":{"self":[{"href":"https:\/\/www.cidaut.es\/acelerapyme\/wp-json\/wp\/v2\/posts\/2073","targetHints":{"allow":["GET"]}}],"collection":[{"href":"https:\/\/www.cidaut.es\/acelerapyme\/wp-json\/wp\/v2\/posts"}],"about":[{"href":"https:\/\/www.cidaut.es\/acelerapyme\/wp-json\/wp\/v2\/types\/post"}],"author":[{"embeddable":true,"href":"https:\/\/www.cidaut.es\/acelerapyme\/wp-json\/wp\/v2\/users\/3"}],"replies":[{"embeddable":true,"href":"https:\/\/www.cidaut.es\/acelerapyme\/wp-json\/wp\/v2\/comments?post=2073"}],"version-history":[{"count":1,"href":"https:\/\/www.cidaut.es\/acelerapyme\/wp-json\/wp\/v2\/posts\/2073\/revisions"}],"predecessor-version":[{"id":2076,"href":"https:\/\/www.cidaut.es\/acelerapyme\/wp-json\/wp\/v2\/posts\/2073\/revisions\/2076"}],"wp:attachment":[{"href":"https:\/\/www.cidaut.es\/acelerapyme\/wp-json\/wp\/v2\/media?parent=2073"}],"wp:term":[{"taxonomy":"category","embeddable":true,"href":"https:\/\/www.cidaut.es\/acelerapyme\/wp-json\/wp\/v2\/categories?post=2073"},{"taxonomy":"post_tag","embeddable":true,"href":"https:\/\/www.cidaut.es\/acelerapyme\/wp-json\/wp\/v2\/tags?post=2073"}],"curies":[{"name":"wp","href":"https:\/\/api.w.org\/{rel}","templated":true}]}}