{"id":2141,"date":"2024-05-30T13:44:46","date_gmt":"2024-05-30T13:44:46","guid":{"rendered":"https:\/\/www.cidaut.es\/acelerapyme\/?p=2141"},"modified":"2024-05-30T13:44:48","modified_gmt":"2024-05-30T13:44:48","slug":"red-es-modifica-las-bases-de-kit-digital-y-amplia-la-ayuda-para-el-segmento-iii","status":"publish","type":"post","link":"https:\/\/www.cidaut.es\/acelerapyme\/red-es-modifica-las-bases-de-kit-digital-y-amplia-la-ayuda-para-el-segmento-iii\/","title":{"rendered":"Red.es modifica las bases de Kit Digital y ampl\u00eda la ayuda para el segmento III"},"content":{"rendered":"\n<figure class=\"wp-block-image aligncenter size-full\"><img loading=\"lazy\" decoding=\"async\" width=\"798\" height=\"674\" src=\"https:\/\/www.cidaut.es\/acelerapyme\/wp-content\/uploads\/2024\/05\/Novedades-KD.png\" alt=\"\" class=\"wp-image-2142\" srcset=\"https:\/\/www.cidaut.es\/acelerapyme\/wp-content\/uploads\/2024\/05\/Novedades-KD.png 798w, https:\/\/www.cidaut.es\/acelerapyme\/wp-content\/uploads\/2024\/05\/Novedades-KD-480x405.png 480w\" sizes=\"(min-width: 0px) and (max-width: 480px) 480px, (min-width: 481px) 798px, 100vw\" \/><\/figure>\n\n\n\n<p>Red.es impulsa la modificaci\u00f3n de las bases del Programa Kit Digital, recogidas en la Orden ETD\/1498\/2021, de 29 de diciembre, por la que se aprueba la regulaci\u00f3n de la concesi\u00f3n de ayudas de esta iniciativa destinada a la digitalizaci\u00f3n de medianas, peque\u00f1as empresas, microempresas y aut\u00f3nomos. &nbsp;Con esta modificaci\u00f3n se incluye un aumento de la cuant\u00eda de la ayuda para las empresas pertenecientes al segmento III, compuesto por ense\u00f1as de entre 0 y menos de 3 empleados. Actualmente, la cuant\u00eda de la ayuda es de 2.000 euros y pasa a ser de 3.000 euros.<\/p>\n\n\n\n<p class=\"has-cyan-bluish-gray-color has-text-color has-link-color wp-elements-3cd402c343b36586a0b1d165012296a3\">Red.es<\/p>\n\n\n\n<p><\/p>\n\n\n\n<div class=\"wp-block-buttons is-layout-flex wp-block-buttons-is-layout-flex\">\n<div class=\"wp-block-button is-style-outline is-style-outline--1\"><a class=\"wp-block-button__link has-vivid-cyan-blue-color has-text-color has-link-color wp-element-button\" href=\"https:\/\/www.red.es\/es\/actualidad\/noticias\/modificacion-bases-kit-digital\" style=\"border-radius:10px\">Leer<\/a><\/div>\n<\/div>\n","protected":false},"excerpt":{"rendered":"<p>Red.es impulsa la modificaci\u00f3n de las bases del Programa Kit Digital, recogidas en la Orden ETD\/1498\/2021, de 29 de diciembre, por la que se aprueba la regulaci\u00f3n de la concesi\u00f3n de ayudas de esta iniciativa destinada a la digitalizaci\u00f3n de medianas, peque\u00f1as empresas, microempresas y aut\u00f3nomos. &nbsp;Con esta modificaci\u00f3n se incluye un aumento de la [&hellip;]<\/p>\n","protected":false},"author":3,"featured_media":0,"comment_status":"open","ping_status":"open","sticky":false,"template":"","format":"standard","meta":{"_et_pb_use_builder":"off","_et_pb_old_content":"","_et_gb_content_width":"","footnotes":""},"categories":[4,3],"tags":[],"class_list":["post-2141","post","type-post","status-publish","format-standard","hentry","category-convocatorias","category-noticias"],"_links":{"self":[{"href":"https:\/\/www.cidaut.es\/acelerapyme\/wp-json\/wp\/v2\/posts\/2141","targetHints":{"allow":["GET"]}}],"collection":[{"href":"https:\/\/www.cidaut.es\/acelerapyme\/wp-json\/wp\/v2\/posts"}],"about":[{"href":"https:\/\/www.cidaut.es\/acelerapyme\/wp-json\/wp\/v2\/types\/post"}],"author":[{"embeddable":true,"href":"https:\/\/www.cidaut.es\/acelerapyme\/wp-json\/wp\/v2\/users\/3"}],"replies":[{"embeddable":true,"href":"https:\/\/www.cidaut.es\/acelerapyme\/wp-json\/wp\/v2\/comments?post=2141"}],"version-history":[{"count":1,"href":"https:\/\/www.cidaut.es\/acelerapyme\/wp-json\/wp\/v2\/posts\/2141\/revisions"}],"predecessor-version":[{"id":2143,"href":"https:\/\/www.cidaut.es\/acelerapyme\/wp-json\/wp\/v2\/posts\/2141\/revisions\/2143"}],"wp:attachment":[{"href":"https:\/\/www.cidaut.es\/acelerapyme\/wp-json\/wp\/v2\/media?parent=2141"}],"wp:term":[{"taxonomy":"category","embeddable":true,"href":"https:\/\/www.cidaut.es\/acelerapyme\/wp-json\/wp\/v2\/categories?post=2141"},{"taxonomy":"post_tag","embeddable":true,"href":"https:\/\/www.cidaut.es\/acelerapyme\/wp-json\/wp\/v2\/tags?post=2141"}],"curies":[{"name":"wp","href":"https:\/\/api.w.org\/{rel}","templated":true}]}}