{"id":2184,"date":"2024-06-27T13:13:24","date_gmt":"2024-06-27T13:13:24","guid":{"rendered":"https:\/\/www.cidaut.es\/acelerapyme\/?p=2184"},"modified":"2024-06-27T13:13:25","modified_gmt":"2024-06-27T13:13:25","slug":"tres-proyectos-espanoles-desarrollaran-tecnologias-avanzadas-de-computacion-en-la-nube","status":"publish","type":"post","link":"https:\/\/www.cidaut.es\/acelerapyme\/tres-proyectos-espanoles-desarrollaran-tecnologias-avanzadas-de-computacion-en-la-nube\/","title":{"rendered":"Tres proyectos espa\u00f1oles desarrollar\u00e1n tecnolog\u00edas avanzadas de computaci\u00f3n en la nube"},"content":{"rendered":"\n<figure class=\"wp-block-image aligncenter size-full\"><img loading=\"lazy\" decoding=\"async\" width=\"800\" height=\"472\" src=\"https:\/\/www.cidaut.es\/acelerapyme\/wp-content\/uploads\/2024\/06\/3proyectos.png\" alt=\"\" class=\"wp-image-2185\" srcset=\"https:\/\/www.cidaut.es\/acelerapyme\/wp-content\/uploads\/2024\/06\/3proyectos.png 800w, https:\/\/www.cidaut.es\/acelerapyme\/wp-content\/uploads\/2024\/06\/3proyectos-480x283.png 480w\" sizes=\"(min-width: 0px) and (max-width: 480px) 480px, (min-width: 481px) 800px, 100vw\" \/><\/figure>\n\n\n\n<p>El Gobierno de Espa\u00f1a, a trav\u00e9s del&nbsp;Ministerio para la Transformaci\u00f3n Digital y de la Funci\u00f3n P\u00fablica, financia tres proyectos nacionales para la investigaci\u00f3n y desarrollo de tecnolog\u00edas avanzadas de computaci\u00f3n en la nube. La inversi\u00f3n, enmarcada en el Proyecto Importante de Inter\u00e9s Com\u00fan Europeo en Sistemas Integrados de Computaci\u00f3n (IPCEI-CIS) y financiada a trav\u00e9s de los fondos europeos Next Generation, es de 111 millones de euros.<\/p>\n\n\n\n<p class=\"has-cyan-bluish-gray-color has-text-color has-link-color wp-elements-6b17db3ab5cd36e360415e8deafbe62b\">Esmartcity<\/p>\n\n\n\n<p><\/p>\n\n\n\n<div class=\"wp-block-buttons is-layout-flex wp-block-buttons-is-layout-flex\">\n<div class=\"wp-block-button is-style-outline is-style-outline--1\"><a class=\"wp-block-button__link has-vivid-cyan-blue-color has-text-color has-link-color wp-element-button\" href=\"https:\/\/www.esmartcity.es\/2024\/06\/11\/tres-proyectos-espanoles-desarrollaran-tecnologias-avanzadas-computacion-nube\" style=\"border-radius:10px\">Leer<\/a><\/div>\n<\/div>\n","protected":false},"excerpt":{"rendered":"<p>El Gobierno de Espa\u00f1a, a trav\u00e9s del&nbsp;Ministerio para la Transformaci\u00f3n Digital y de la Funci\u00f3n P\u00fablica, financia tres proyectos nacionales para la investigaci\u00f3n y desarrollo de tecnolog\u00edas avanzadas de computaci\u00f3n en la nube. La inversi\u00f3n, enmarcada en el Proyecto Importante de Inter\u00e9s Com\u00fan Europeo en Sistemas Integrados de Computaci\u00f3n (IPCEI-CIS) y financiada a trav\u00e9s de [&hellip;]<\/p>\n","protected":false},"author":3,"featured_media":0,"comment_status":"open","ping_status":"open","sticky":false,"template":"","format":"standard","meta":{"_et_pb_use_builder":"off","_et_pb_old_content":"","_et_gb_content_width":"","footnotes":""},"categories":[3],"tags":[],"class_list":["post-2184","post","type-post","status-publish","format-standard","hentry","category-noticias"],"_links":{"self":[{"href":"https:\/\/www.cidaut.es\/acelerapyme\/wp-json\/wp\/v2\/posts\/2184","targetHints":{"allow":["GET"]}}],"collection":[{"href":"https:\/\/www.cidaut.es\/acelerapyme\/wp-json\/wp\/v2\/posts"}],"about":[{"href":"https:\/\/www.cidaut.es\/acelerapyme\/wp-json\/wp\/v2\/types\/post"}],"author":[{"embeddable":true,"href":"https:\/\/www.cidaut.es\/acelerapyme\/wp-json\/wp\/v2\/users\/3"}],"replies":[{"embeddable":true,"href":"https:\/\/www.cidaut.es\/acelerapyme\/wp-json\/wp\/v2\/comments?post=2184"}],"version-history":[{"count":1,"href":"https:\/\/www.cidaut.es\/acelerapyme\/wp-json\/wp\/v2\/posts\/2184\/revisions"}],"predecessor-version":[{"id":2186,"href":"https:\/\/www.cidaut.es\/acelerapyme\/wp-json\/wp\/v2\/posts\/2184\/revisions\/2186"}],"wp:attachment":[{"href":"https:\/\/www.cidaut.es\/acelerapyme\/wp-json\/wp\/v2\/media?parent=2184"}],"wp:term":[{"taxonomy":"category","embeddable":true,"href":"https:\/\/www.cidaut.es\/acelerapyme\/wp-json\/wp\/v2\/categories?post=2184"},{"taxonomy":"post_tag","embeddable":true,"href":"https:\/\/www.cidaut.es\/acelerapyme\/wp-json\/wp\/v2\/tags?post=2184"}],"curies":[{"name":"wp","href":"https:\/\/api.w.org\/{rel}","templated":true}]}}