{"id":2239,"date":"2024-07-30T12:18:06","date_gmt":"2024-07-30T12:18:06","guid":{"rendered":"https:\/\/www.cidaut.es\/acelerapyme\/?p=2239"},"modified":"2024-07-30T12:18:07","modified_gmt":"2024-07-30T12:18:07","slug":"digitales-presenta-el-primer-libro-blanco-de-la-ia-generativa","status":"publish","type":"post","link":"https:\/\/www.cidaut.es\/acelerapyme\/digitales-presenta-el-primer-libro-blanco-de-la-ia-generativa\/","title":{"rendered":"DigitalES presenta el primer Libro Blanco de la IA Generativa"},"content":{"rendered":"\n<figure class=\"wp-block-image aligncenter size-full\"><img loading=\"lazy\" decoding=\"async\" width=\"968\" height=\"542\" src=\"https:\/\/www.cidaut.es\/acelerapyme\/wp-content\/uploads\/2024\/07\/digitalES.jpg\" alt=\"\" class=\"wp-image-2240\"\/><\/figure>\n\n\n\n<p>DigitalES, la Asociaci\u00f3n Espa\u00f1ola para la Digitalizaci\u00f3n, que acaba de presentar su Libro Blanco de la IA Generativa, aprovechando la celebraci\u00f3n de su congreso anual, el DigitalES Summit 2023. El trabajo contempla la IA Generativa desde una doble perspectiva, abordando su contribuci\u00f3n al sector de la tecnolog\u00eda, la informaci\u00f3n y las comunicaciones (TIC) y c\u00f3mo pueden apoyarse en ella las compa\u00f1\u00edas del sector para cumplir sus objetivos de transformaci\u00f3n y digitalizaci\u00f3n de nuestra sociedad.<\/p>\n\n\n\n<p class=\"has-cyan-bluish-gray-color has-text-color has-link-color wp-elements-2b77613e01e3b3830e440e9730ed813a\">Silicon<\/p>\n\n\n\n<p><\/p>\n\n\n\n<div class=\"wp-block-buttons is-layout-flex wp-block-buttons-is-layout-flex\">\n<div class=\"wp-block-button is-style-outline is-style-outline--1\"><a class=\"wp-block-button__link has-vivid-cyan-blue-color has-text-color has-link-color wp-element-button\" href=\"https:\/\/www.silicon.es\/digitales-libro-blanco-ia-gnerativa-2553868\" style=\"border-radius:10px\">Leer<\/a><\/div>\n<\/div>\n","protected":false},"excerpt":{"rendered":"<p>DigitalES, la Asociaci\u00f3n Espa\u00f1ola para la Digitalizaci\u00f3n, que acaba de presentar su Libro Blanco de la IA Generativa, aprovechando la celebraci\u00f3n de su congreso anual, el DigitalES Summit 2023. El trabajo contempla la IA Generativa desde una doble perspectiva, abordando su contribuci\u00f3n al sector de la tecnolog\u00eda, la informaci\u00f3n y las comunicaciones (TIC) y c\u00f3mo [&hellip;]<\/p>\n","protected":false},"author":3,"featured_media":0,"comment_status":"open","ping_status":"open","sticky":false,"template":"","format":"standard","meta":{"_et_pb_use_builder":"off","_et_pb_old_content":"","_et_gb_content_width":"","footnotes":""},"categories":[3],"tags":[],"class_list":["post-2239","post","type-post","status-publish","format-standard","hentry","category-noticias"],"_links":{"self":[{"href":"https:\/\/www.cidaut.es\/acelerapyme\/wp-json\/wp\/v2\/posts\/2239","targetHints":{"allow":["GET"]}}],"collection":[{"href":"https:\/\/www.cidaut.es\/acelerapyme\/wp-json\/wp\/v2\/posts"}],"about":[{"href":"https:\/\/www.cidaut.es\/acelerapyme\/wp-json\/wp\/v2\/types\/post"}],"author":[{"embeddable":true,"href":"https:\/\/www.cidaut.es\/acelerapyme\/wp-json\/wp\/v2\/users\/3"}],"replies":[{"embeddable":true,"href":"https:\/\/www.cidaut.es\/acelerapyme\/wp-json\/wp\/v2\/comments?post=2239"}],"version-history":[{"count":1,"href":"https:\/\/www.cidaut.es\/acelerapyme\/wp-json\/wp\/v2\/posts\/2239\/revisions"}],"predecessor-version":[{"id":2241,"href":"https:\/\/www.cidaut.es\/acelerapyme\/wp-json\/wp\/v2\/posts\/2239\/revisions\/2241"}],"wp:attachment":[{"href":"https:\/\/www.cidaut.es\/acelerapyme\/wp-json\/wp\/v2\/media?parent=2239"}],"wp:term":[{"taxonomy":"category","embeddable":true,"href":"https:\/\/www.cidaut.es\/acelerapyme\/wp-json\/wp\/v2\/categories?post=2239"},{"taxonomy":"post_tag","embeddable":true,"href":"https:\/\/www.cidaut.es\/acelerapyme\/wp-json\/wp\/v2\/tags?post=2239"}],"curies":[{"name":"wp","href":"https:\/\/api.w.org\/{rel}","templated":true}]}}