{"id":2242,"date":"2024-07-30T12:17:39","date_gmt":"2024-07-30T12:17:39","guid":{"rendered":"https:\/\/www.cidaut.es\/acelerapyme\/?p=2242"},"modified":"2024-07-30T12:17:40","modified_gmt":"2024-07-30T12:17:40","slug":"espana-lidera-la-adopcion-de-ia-generativa","status":"publish","type":"post","link":"https:\/\/www.cidaut.es\/acelerapyme\/espana-lidera-la-adopcion-de-ia-generativa\/","title":{"rendered":"Espa\u00f1a lidera la adopci\u00f3n de IA Generativa"},"content":{"rendered":"\n<figure class=\"wp-block-image aligncenter size-full\"><img loading=\"lazy\" decoding=\"async\" width=\"968\" height=\"525\" src=\"https:\/\/www.cidaut.es\/acelerapyme\/wp-content\/uploads\/2024\/07\/espana_IA.jpg\" alt=\"\" class=\"wp-image-2243\"\/><\/figure>\n\n\n\n<p>Espa\u00f1a lidera la adopci\u00f3n de IA Generativa, con un 12% de ventaja sobre las empresas del Reino Unido. De hecho, tres de cada cuatro responsables de la toma de decisiones espa\u00f1oles est\u00e1n dispuestos a utilizar m\u00e1s Gen AI en su \u00e1mbito de trabajo, uno de cada cuatro admite tener un conocimiento limitado de esta herramienta y uno de cada diez cree que la IA Generativa dejar\u00e1 obsoletos los puestos de gesti\u00f3n de datos en los pr\u00f3ximos cinco a\u00f1os. Las empresas espa\u00f1olas lideran la integraci\u00f3n de IA Generativa a nivel global, tal y como revela el \u00faltimo estudio de Stratio, especialista en Inteligencia Artificial Generativa y capa unificada de datos empresariales, que encuest\u00f3 a l\u00edderes de TI con responsabilidad sobre la gesti\u00f3n de datos en el Reino Unido, Espa\u00f1a y Latinoam\u00e9rica.<\/p>\n\n\n\n<p class=\"has-cyan-bluish-gray-color has-text-color has-link-color wp-elements-d109f5b726b1c37c59ab82624017db60\">BigData Magazine<\/p>\n\n\n\n<p><\/p>\n\n\n\n<div class=\"wp-block-buttons is-layout-flex wp-block-buttons-is-layout-flex\">\n<div class=\"wp-block-button is-style-outline is-style-outline--1\"><a class=\"wp-block-button__link has-vivid-cyan-blue-color has-text-color has-link-color wp-element-button\" href=\"https:\/\/bigdatamagazine.es\/espana-lidera-la-adopcion-de-ia-generativa\/\" style=\"border-radius:10px\">Leer<\/a><\/div>\n<\/div>\n","protected":false},"excerpt":{"rendered":"<p>Espa\u00f1a lidera la adopci\u00f3n de IA Generativa, con un 12% de ventaja sobre las empresas del Reino Unido. De hecho, tres de cada cuatro responsables de la toma de decisiones espa\u00f1oles est\u00e1n dispuestos a utilizar m\u00e1s Gen AI en su \u00e1mbito de trabajo, uno de cada cuatro admite tener un conocimiento limitado de esta herramienta [&hellip;]<\/p>\n","protected":false},"author":3,"featured_media":0,"comment_status":"open","ping_status":"open","sticky":false,"template":"","format":"standard","meta":{"_et_pb_use_builder":"off","_et_pb_old_content":"","_et_gb_content_width":"","footnotes":""},"categories":[3],"tags":[],"class_list":["post-2242","post","type-post","status-publish","format-standard","hentry","category-noticias"],"_links":{"self":[{"href":"https:\/\/www.cidaut.es\/acelerapyme\/wp-json\/wp\/v2\/posts\/2242","targetHints":{"allow":["GET"]}}],"collection":[{"href":"https:\/\/www.cidaut.es\/acelerapyme\/wp-json\/wp\/v2\/posts"}],"about":[{"href":"https:\/\/www.cidaut.es\/acelerapyme\/wp-json\/wp\/v2\/types\/post"}],"author":[{"embeddable":true,"href":"https:\/\/www.cidaut.es\/acelerapyme\/wp-json\/wp\/v2\/users\/3"}],"replies":[{"embeddable":true,"href":"https:\/\/www.cidaut.es\/acelerapyme\/wp-json\/wp\/v2\/comments?post=2242"}],"version-history":[{"count":1,"href":"https:\/\/www.cidaut.es\/acelerapyme\/wp-json\/wp\/v2\/posts\/2242\/revisions"}],"predecessor-version":[{"id":2244,"href":"https:\/\/www.cidaut.es\/acelerapyme\/wp-json\/wp\/v2\/posts\/2242\/revisions\/2244"}],"wp:attachment":[{"href":"https:\/\/www.cidaut.es\/acelerapyme\/wp-json\/wp\/v2\/media?parent=2242"}],"wp:term":[{"taxonomy":"category","embeddable":true,"href":"https:\/\/www.cidaut.es\/acelerapyme\/wp-json\/wp\/v2\/categories?post=2242"},{"taxonomy":"post_tag","embeddable":true,"href":"https:\/\/www.cidaut.es\/acelerapyme\/wp-json\/wp\/v2\/tags?post=2242"}],"curies":[{"name":"wp","href":"https:\/\/api.w.org\/{rel}","templated":true}]}}