{"id":2288,"date":"2024-08-29T10:37:52","date_gmt":"2024-08-29T10:37:52","guid":{"rendered":"https:\/\/www.cidaut.es\/acelerapyme\/?p=2288"},"modified":"2024-08-29T10:37:52","modified_gmt":"2024-08-29T10:37:52","slug":"el-37-de-los-empresarios-espanoles-incorporara-inteligencia-artificial-generativa-este-ano","status":"publish","type":"post","link":"https:\/\/www.cidaut.es\/acelerapyme\/el-37-de-los-empresarios-espanoles-incorporara-inteligencia-artificial-generativa-este-ano\/","title":{"rendered":"El 37% de los empresarios espa\u00f1oles incorporar\u00e1 Inteligencia Artificial Generativa este a\u00f1o"},"content":{"rendered":"\n<figure class=\"wp-block-image aligncenter size-full\"><img loading=\"lazy\" decoding=\"async\" width=\"698\" height=\"465\" src=\"https:\/\/www.cidaut.es\/acelerapyme\/wp-content\/uploads\/2024\/04\/IA_RRSS-1.png\" alt=\"\" class=\"wp-image-2075\" srcset=\"https:\/\/www.cidaut.es\/acelerapyme\/wp-content\/uploads\/2024\/04\/IA_RRSS-1.png 698w, https:\/\/www.cidaut.es\/acelerapyme\/wp-content\/uploads\/2024\/04\/IA_RRSS-1-480x320.png 480w\" sizes=\"(min-width: 0px) and (max-width: 480px) 480px, (min-width: 481px) 698px, 100vw\" \/><\/figure>\n\n\n\n<p>La Inteligencia Artificial sigue avanzando a un ritmo vertiginoso y ha llegado el turno de la Inteligencia Artificial Generativa, que se basa en modelos de aprendizaje autom\u00e1ticos para producir creaciones novedosas, de hecho, su uso est\u00e1 extendi\u00e9ndose en el tejido empresarial y en nuestro pa\u00eds un 37% de los empresarios planea adoptar la IA Generativa este a\u00f1o, mientras que un 17% ya la han incorporado en su d\u00eda a d\u00eda.<\/p>\n\n\n\n<p class=\"has-cyan-bluish-gray-color has-text-color has-link-color wp-elements-d109f5b726b1c37c59ab82624017db60\">BigData Magazine<\/p>\n\n\n\n<p><\/p>\n\n\n\n<div class=\"wp-block-buttons is-layout-flex wp-block-buttons-is-layout-flex\">\n<div class=\"wp-block-button is-style-outline is-style-outline--1\"><a class=\"wp-block-button__link has-vivid-cyan-blue-color has-text-color has-link-color wp-element-button\" href=\"https:\/\/bigdatamagazine.es\/el-37-de-los-empresarios-espanoles-incorporara-inteligencia-artificial-generativa-este-ano\/\" style=\"border-radius:10px\">Leer<\/a><\/div>\n<\/div>\n","protected":false},"excerpt":{"rendered":"<p>La Inteligencia Artificial sigue avanzando a un ritmo vertiginoso y ha llegado el turno de la Inteligencia Artificial Generativa, que se basa en modelos de aprendizaje autom\u00e1ticos para producir creaciones novedosas, de hecho, su uso est\u00e1 extendi\u00e9ndose en el tejido empresarial y en nuestro pa\u00eds un 37% de los empresarios planea adoptar la IA Generativa [&hellip;]<\/p>\n","protected":false},"author":3,"featured_media":0,"comment_status":"open","ping_status":"open","sticky":false,"template":"","format":"standard","meta":{"_et_pb_use_builder":"off","_et_pb_old_content":"","_et_gb_content_width":"","footnotes":""},"categories":[3],"tags":[],"class_list":["post-2288","post","type-post","status-publish","format-standard","hentry","category-noticias"],"_links":{"self":[{"href":"https:\/\/www.cidaut.es\/acelerapyme\/wp-json\/wp\/v2\/posts\/2288","targetHints":{"allow":["GET"]}}],"collection":[{"href":"https:\/\/www.cidaut.es\/acelerapyme\/wp-json\/wp\/v2\/posts"}],"about":[{"href":"https:\/\/www.cidaut.es\/acelerapyme\/wp-json\/wp\/v2\/types\/post"}],"author":[{"embeddable":true,"href":"https:\/\/www.cidaut.es\/acelerapyme\/wp-json\/wp\/v2\/users\/3"}],"replies":[{"embeddable":true,"href":"https:\/\/www.cidaut.es\/acelerapyme\/wp-json\/wp\/v2\/comments?post=2288"}],"version-history":[{"count":1,"href":"https:\/\/www.cidaut.es\/acelerapyme\/wp-json\/wp\/v2\/posts\/2288\/revisions"}],"predecessor-version":[{"id":2290,"href":"https:\/\/www.cidaut.es\/acelerapyme\/wp-json\/wp\/v2\/posts\/2288\/revisions\/2290"}],"wp:attachment":[{"href":"https:\/\/www.cidaut.es\/acelerapyme\/wp-json\/wp\/v2\/media?parent=2288"}],"wp:term":[{"taxonomy":"category","embeddable":true,"href":"https:\/\/www.cidaut.es\/acelerapyme\/wp-json\/wp\/v2\/categories?post=2288"},{"taxonomy":"post_tag","embeddable":true,"href":"https:\/\/www.cidaut.es\/acelerapyme\/wp-json\/wp\/v2\/tags?post=2288"}],"curies":[{"name":"wp","href":"https:\/\/api.w.org\/{rel}","templated":true}]}}