{"id":2334,"date":"2024-09-30T15:12:12","date_gmt":"2024-09-30T15:12:12","guid":{"rendered":"https:\/\/www.cidaut.es\/acelerapyme\/?p=2334"},"modified":"2024-10-28T15:29:27","modified_gmt":"2024-10-28T15:29:27","slug":"las-tecnologias-que-marcaran-el-nuevo-curso","status":"publish","type":"post","link":"https:\/\/www.cidaut.es\/acelerapyme\/las-tecnologias-que-marcaran-el-nuevo-curso\/","title":{"rendered":"Las tecnolog\u00edas que marcar\u00e1n el nuevo curso"},"content":{"rendered":"\n<figure class=\"wp-block-image aligncenter size-full\"><img loading=\"lazy\" decoding=\"async\" width=\"800\" height=\"600\" src=\"https:\/\/www.cidaut.es\/acelerapyme\/wp-content\/uploads\/2024\/09\/innovacion.jpg\" alt=\"\" class=\"wp-image-2369\"\/><\/figure>\n\n\n\n<p>Coincidiendo con la vuelta al cole particular del tejido empresarial,&nbsp;Entelgy, The Business Tech Consultancy, analiza qu\u00e9 se puede esperar&nbsp;de la tecnolog\u00eda durante los pr\u00f3ximos meses y desvela que un tercio de los espa\u00f1oles ya usa herramientas inteligentes para tareas cotidianas y que un 83 % cree que la IA es una materia deber\u00eda ense\u00f1arse en los centros de trabajo.<\/p>\n\n\n\n<p class=\"has-cyan-bluish-gray-color has-text-color has-link-color wp-elements-2b77613e01e3b3830e440e9730ed813a\">Silicon<\/p>\n\n\n\n<p><\/p>\n\n\n\n<div class=\"wp-block-buttons is-layout-flex wp-block-buttons-is-layout-flex\">\n<div class=\"wp-block-button is-style-outline is-style-outline--1\"><a class=\"wp-block-button__link has-vivid-cyan-blue-color has-text-color has-link-color wp-element-button\" href=\"https:\/\/www.silicon.es\/las-tecnologias-que-marcaran-el-nuevo-curso-2556993\" style=\"border-radius:10px\">Leer<\/a><\/div>\n<\/div>\n","protected":false},"excerpt":{"rendered":"<p>Coincidiendo con la vuelta al cole particular del tejido empresarial,&nbsp;Entelgy, The Business Tech Consultancy, analiza qu\u00e9 se puede esperar&nbsp;de la tecnolog\u00eda durante los pr\u00f3ximos meses y desvela que un tercio de los espa\u00f1oles ya usa herramientas inteligentes para tareas cotidianas y que un 83 % cree que la IA es una materia deber\u00eda ense\u00f1arse en [&hellip;]<\/p>\n","protected":false},"author":3,"featured_media":0,"comment_status":"open","ping_status":"open","sticky":false,"template":"","format":"standard","meta":{"_et_pb_use_builder":"off","_et_pb_old_content":"","_et_gb_content_width":"","footnotes":""},"categories":[3],"tags":[],"class_list":["post-2334","post","type-post","status-publish","format-standard","hentry","category-noticias"],"_links":{"self":[{"href":"https:\/\/www.cidaut.es\/acelerapyme\/wp-json\/wp\/v2\/posts\/2334","targetHints":{"allow":["GET"]}}],"collection":[{"href":"https:\/\/www.cidaut.es\/acelerapyme\/wp-json\/wp\/v2\/posts"}],"about":[{"href":"https:\/\/www.cidaut.es\/acelerapyme\/wp-json\/wp\/v2\/types\/post"}],"author":[{"embeddable":true,"href":"https:\/\/www.cidaut.es\/acelerapyme\/wp-json\/wp\/v2\/users\/3"}],"replies":[{"embeddable":true,"href":"https:\/\/www.cidaut.es\/acelerapyme\/wp-json\/wp\/v2\/comments?post=2334"}],"version-history":[{"count":3,"href":"https:\/\/www.cidaut.es\/acelerapyme\/wp-json\/wp\/v2\/posts\/2334\/revisions"}],"predecessor-version":[{"id":2420,"href":"https:\/\/www.cidaut.es\/acelerapyme\/wp-json\/wp\/v2\/posts\/2334\/revisions\/2420"}],"wp:attachment":[{"href":"https:\/\/www.cidaut.es\/acelerapyme\/wp-json\/wp\/v2\/media?parent=2334"}],"wp:term":[{"taxonomy":"category","embeddable":true,"href":"https:\/\/www.cidaut.es\/acelerapyme\/wp-json\/wp\/v2\/categories?post=2334"},{"taxonomy":"post_tag","embeddable":true,"href":"https:\/\/www.cidaut.es\/acelerapyme\/wp-json\/wp\/v2\/tags?post=2334"}],"curies":[{"name":"wp","href":"https:\/\/api.w.org\/{rel}","templated":true}]}}