{"id":2427,"date":"2024-10-31T08:21:20","date_gmt":"2024-10-31T08:21:20","guid":{"rendered":"https:\/\/www.cidaut.es\/acelerapyme\/?p=2427"},"modified":"2024-10-31T08:21:21","modified_gmt":"2024-10-31T08:21:21","slug":"la-ia-y-la-fuerza-laboral-tic-se-espera-que-un-92-de-los-puestos-tecnologicos-experimenten-algun-cambio","status":"publish","type":"post","link":"https:\/\/www.cidaut.es\/acelerapyme\/la-ia-y-la-fuerza-laboral-tic-se-espera-que-un-92-de-los-puestos-tecnologicos-experimenten-algun-cambio\/","title":{"rendered":"La IA y la fuerza laboral TIC: \u201cse espera que un 92% de los puestos tecnol\u00f3gicos experimenten alg\u00fan cambio\u201d"},"content":{"rendered":"\n<figure class=\"wp-block-image aligncenter size-full\"><img loading=\"lazy\" decoding=\"async\" width=\"800\" height=\"479\" src=\"https:\/\/www.cidaut.es\/acelerapyme\/wp-content\/uploads\/2024\/10\/Cisco.jpg\" alt=\"\" class=\"wp-image-2428\"\/><\/figure>\n\n\n\n<p>Hace poco el Consorcio de Fuerza Laboral de TIC Habilitada por IA, liderado por Cisco con Accenture, Eightfold, Google, IBM, Indeed, Intel, Microsoft y SAP, junto con asesores clave, public\u00f3 su informe inaugural, \u201cLa oportunidad transformadora de la IA en los empleos de TIC\u201d. Este an\u00e1lisis integral proporciona una mirada a los efectos de la inteligencia artificial en casi 50 de los principales empleos de tecnolog\u00eda de la informaci\u00f3n y la comunicaci\u00f3n (TIC), ofreciendo recomendaciones de capacitaci\u00f3n pr\u00e1cticas para permitir una fuerza laboral impulsada por IA.<\/p>\n\n\n\n<p class=\"has-cyan-bluish-gray-color has-text-color has-link-color wp-elements-2b77613e01e3b3830e440e9730ed813a\">Silicon<\/p>\n\n\n\n<p><\/p>\n\n\n\n<div class=\"wp-block-buttons is-layout-flex wp-block-buttons-is-layout-flex\">\n<div class=\"wp-block-button is-style-outline is-style-outline--1\"><a class=\"wp-block-button__link has-vivid-cyan-blue-color has-text-color has-link-color wp-element-button\" href=\"https:\/\/www.siliconweek.com\/e-management\/la-ia-y-la-fuerza-laboral-tic-se-espera-que-un-92-de-los-puestos-tecnologicos-experimenten-algun-cambio-110379\" style=\"border-radius:10px\">Leer<\/a><\/div>\n<\/div>\n","protected":false},"excerpt":{"rendered":"<p>Hace poco el Consorcio de Fuerza Laboral de TIC Habilitada por IA, liderado por Cisco con Accenture, Eightfold, Google, IBM, Indeed, Intel, Microsoft y SAP, junto con asesores clave, public\u00f3 su informe inaugural, \u201cLa oportunidad transformadora de la IA en los empleos de TIC\u201d. Este an\u00e1lisis integral proporciona una mirada a los efectos de la [&hellip;]<\/p>\n","protected":false},"author":3,"featured_media":0,"comment_status":"open","ping_status":"open","sticky":false,"template":"","format":"standard","meta":{"_et_pb_use_builder":"off","_et_pb_old_content":"","_et_gb_content_width":"","footnotes":""},"categories":[3],"tags":[],"class_list":["post-2427","post","type-post","status-publish","format-standard","hentry","category-noticias"],"_links":{"self":[{"href":"https:\/\/www.cidaut.es\/acelerapyme\/wp-json\/wp\/v2\/posts\/2427","targetHints":{"allow":["GET"]}}],"collection":[{"href":"https:\/\/www.cidaut.es\/acelerapyme\/wp-json\/wp\/v2\/posts"}],"about":[{"href":"https:\/\/www.cidaut.es\/acelerapyme\/wp-json\/wp\/v2\/types\/post"}],"author":[{"embeddable":true,"href":"https:\/\/www.cidaut.es\/acelerapyme\/wp-json\/wp\/v2\/users\/3"}],"replies":[{"embeddable":true,"href":"https:\/\/www.cidaut.es\/acelerapyme\/wp-json\/wp\/v2\/comments?post=2427"}],"version-history":[{"count":1,"href":"https:\/\/www.cidaut.es\/acelerapyme\/wp-json\/wp\/v2\/posts\/2427\/revisions"}],"predecessor-version":[{"id":2429,"href":"https:\/\/www.cidaut.es\/acelerapyme\/wp-json\/wp\/v2\/posts\/2427\/revisions\/2429"}],"wp:attachment":[{"href":"https:\/\/www.cidaut.es\/acelerapyme\/wp-json\/wp\/v2\/media?parent=2427"}],"wp:term":[{"taxonomy":"category","embeddable":true,"href":"https:\/\/www.cidaut.es\/acelerapyme\/wp-json\/wp\/v2\/categories?post=2427"},{"taxonomy":"post_tag","embeddable":true,"href":"https:\/\/www.cidaut.es\/acelerapyme\/wp-json\/wp\/v2\/tags?post=2427"}],"curies":[{"name":"wp","href":"https:\/\/api.w.org\/{rel}","templated":true}]}}