{"id":2433,"date":"2024-10-31T08:21:57","date_gmt":"2024-10-31T08:21:57","guid":{"rendered":"https:\/\/www.cidaut.es\/acelerapyme\/?p=2433"},"modified":"2024-10-31T08:21:58","modified_gmt":"2024-10-31T08:21:58","slug":"riesgos-de-no-adaptarse-al-nuevo-reglamento-de-la-ia-para-las-empresas-espanolas","status":"publish","type":"post","link":"https:\/\/www.cidaut.es\/acelerapyme\/riesgos-de-no-adaptarse-al-nuevo-reglamento-de-la-ia-para-las-empresas-espanolas\/","title":{"rendered":"Riesgos de no adaptarse al nuevo reglamento de la IA para las empresas espa\u00f1olas"},"content":{"rendered":"\n<figure class=\"wp-block-image aligncenter size-full\"><img loading=\"lazy\" decoding=\"async\" width=\"800\" height=\"457\" src=\"https:\/\/www.cidaut.es\/acelerapyme\/wp-content\/uploads\/2024\/10\/ria.jpg\" alt=\"\" class=\"wp-image-2434\"\/><\/figure>\n\n\n\n<p>En agosto de 2024, entr\u00f3 en vigor el&nbsp;Reglamento Europeo de Inteligencia Artificial (RIA), tambi\u00e9n conocido por sus siglas en ingl\u00e9s como&nbsp;RAI. El objetivo principal de este acuerdo es fomentar el desarrollo y la implantaci\u00f3n responsable de la Inteligencia Artificial en toda la Uni\u00f3n Europea. A pesar de la regulaci\u00f3n europea de la IA, hay que tener en cuenta que su uso expone a usuarios y empresas a una serie de peligros, existen riesgos relacionados con el uso que el proveedor de la IA generativa va a hacer de la informaci\u00f3n que se proporciona en los \u201cprompts\u201d y riesgos relacionados con incidentes de seguridad que pueden sufrir los proveedores de IA\u2019s generativa.<\/p>\n\n\n\n<p class=\"has-cyan-bluish-gray-color has-text-color has-link-color wp-elements-d109f5b726b1c37c59ab82624017db60\">BigData Magazine<\/p>\n\n\n\n<p><\/p>\n\n\n\n<div class=\"wp-block-buttons is-layout-flex wp-block-buttons-is-layout-flex\">\n<div class=\"wp-block-button is-style-outline is-style-outline--1\"><a class=\"wp-block-button__link has-vivid-cyan-blue-color has-text-color has-link-color wp-element-button\" href=\"https:\/\/bigdatamagazine.es\/riesgos-de-no-adaptarse-al-nuevo-reglamento-de-la-ia-para-las-empresas-espanolas\/\" style=\"border-radius:10px\">Leer<\/a><\/div>\n<\/div>\n","protected":false},"excerpt":{"rendered":"<p>En agosto de 2024, entr\u00f3 en vigor el&nbsp;Reglamento Europeo de Inteligencia Artificial (RIA), tambi\u00e9n conocido por sus siglas en ingl\u00e9s como&nbsp;RAI. El objetivo principal de este acuerdo es fomentar el desarrollo y la implantaci\u00f3n responsable de la Inteligencia Artificial en toda la Uni\u00f3n Europea. A pesar de la regulaci\u00f3n europea de la IA, hay que [&hellip;]<\/p>\n","protected":false},"author":3,"featured_media":0,"comment_status":"open","ping_status":"open","sticky":false,"template":"","format":"standard","meta":{"_et_pb_use_builder":"off","_et_pb_old_content":"","_et_gb_content_width":"","footnotes":""},"categories":[3],"tags":[],"class_list":["post-2433","post","type-post","status-publish","format-standard","hentry","category-noticias"],"_links":{"self":[{"href":"https:\/\/www.cidaut.es\/acelerapyme\/wp-json\/wp\/v2\/posts\/2433","targetHints":{"allow":["GET"]}}],"collection":[{"href":"https:\/\/www.cidaut.es\/acelerapyme\/wp-json\/wp\/v2\/posts"}],"about":[{"href":"https:\/\/www.cidaut.es\/acelerapyme\/wp-json\/wp\/v2\/types\/post"}],"author":[{"embeddable":true,"href":"https:\/\/www.cidaut.es\/acelerapyme\/wp-json\/wp\/v2\/users\/3"}],"replies":[{"embeddable":true,"href":"https:\/\/www.cidaut.es\/acelerapyme\/wp-json\/wp\/v2\/comments?post=2433"}],"version-history":[{"count":1,"href":"https:\/\/www.cidaut.es\/acelerapyme\/wp-json\/wp\/v2\/posts\/2433\/revisions"}],"predecessor-version":[{"id":2435,"href":"https:\/\/www.cidaut.es\/acelerapyme\/wp-json\/wp\/v2\/posts\/2433\/revisions\/2435"}],"wp:attachment":[{"href":"https:\/\/www.cidaut.es\/acelerapyme\/wp-json\/wp\/v2\/media?parent=2433"}],"wp:term":[{"taxonomy":"category","embeddable":true,"href":"https:\/\/www.cidaut.es\/acelerapyme\/wp-json\/wp\/v2\/categories?post=2433"},{"taxonomy":"post_tag","embeddable":true,"href":"https:\/\/www.cidaut.es\/acelerapyme\/wp-json\/wp\/v2\/tags?post=2433"}],"curies":[{"name":"wp","href":"https:\/\/api.w.org\/{rel}","templated":true}]}}