{"id":2519,"date":"2024-12-19T15:00:37","date_gmt":"2024-12-19T15:00:37","guid":{"rendered":"https:\/\/www.cidaut.es\/acelerapyme\/?p=2519"},"modified":"2024-12-19T15:00:38","modified_gmt":"2024-12-19T15:00:38","slug":"convocatoria-de-subvenciones-para-digitalizacion-basica-en-pymes-de-castilla-y-leon","status":"publish","type":"post","link":"https:\/\/www.cidaut.es\/acelerapyme\/convocatoria-de-subvenciones-para-digitalizacion-basica-en-pymes-de-castilla-y-leon\/","title":{"rendered":"Convocatoria de subvenciones para digitalizaci\u00f3n b\u00e1sica en PYMEs de Castilla y Le\u00f3n"},"content":{"rendered":"\n<figure class=\"wp-block-image aligncenter size-full\"><img loading=\"lazy\" decoding=\"async\" width=\"1135\" height=\"813\" src=\"https:\/\/www.cidaut.es\/acelerapyme\/wp-content\/uploads\/2024\/12\/digitalizacion_pymes.jpg\" alt=\"\" class=\"wp-image-2515\"\/><\/figure>\n\n\n\n<p>El Instituto para la Competitividad Empresarial de Castilla y Le\u00f3n convoca subvenciones para apoyar la digitalizaci\u00f3n b\u00e1sica en PYMEs de la regi\u00f3n. Esta medida impulsa la adopci\u00f3n de tecnolog\u00edas digitales, mejorando la eficiencia, fomentando la innovaci\u00f3n y fortaleciendo la competitividad empresarial. Busca potenciar el crecimiento econ\u00f3mico regional y facilitar la adaptaci\u00f3n empresarial al entorno digital.<\/p>\n\n\n\n<p class=\"has-cyan-bluish-gray-color has-text-color has-link-color wp-elements-8b1d52338940e067c381d94217d44fbe\">Junta de Castilla y Le\u00f3n<\/p>\n\n\n\n<p><\/p>\n\n\n\n<div class=\"wp-block-buttons is-layout-flex wp-block-buttons-is-layout-flex\">\n<div class=\"wp-block-button is-style-outline is-style-outline--1\"><a class=\"wp-block-button__link has-vivid-cyan-blue-color has-text-color has-link-color wp-element-button\" href=\"https:\/\/www.tramitacastillayleon.jcyl.es\/web\/jcyl\/AdministracionElectronica\/es\/Plantilla100Detalle\/1251181050732\/Ayuda012\/1285456378859\/Propuesta\" style=\"border-radius:10px\">Leer<\/a><\/div>\n<\/div>\n","protected":false},"excerpt":{"rendered":"<p>El Instituto para la Competitividad Empresarial de Castilla y Le\u00f3n convoca subvenciones para apoyar la digitalizaci\u00f3n b\u00e1sica en PYMEs de la regi\u00f3n. Esta medida impulsa la adopci\u00f3n de tecnolog\u00edas digitales, mejorando la eficiencia, fomentando la innovaci\u00f3n y fortaleciendo la competitividad empresarial. Busca potenciar el crecimiento econ\u00f3mico regional y facilitar la adaptaci\u00f3n empresarial al entorno digital. [&hellip;]<\/p>\n","protected":false},"author":3,"featured_media":0,"comment_status":"open","ping_status":"open","sticky":false,"template":"","format":"standard","meta":{"_et_pb_use_builder":"off","_et_pb_old_content":"","_et_gb_content_width":"","footnotes":""},"categories":[3],"tags":[],"class_list":["post-2519","post","type-post","status-publish","format-standard","hentry","category-noticias"],"_links":{"self":[{"href":"https:\/\/www.cidaut.es\/acelerapyme\/wp-json\/wp\/v2\/posts\/2519","targetHints":{"allow":["GET"]}}],"collection":[{"href":"https:\/\/www.cidaut.es\/acelerapyme\/wp-json\/wp\/v2\/posts"}],"about":[{"href":"https:\/\/www.cidaut.es\/acelerapyme\/wp-json\/wp\/v2\/types\/post"}],"author":[{"embeddable":true,"href":"https:\/\/www.cidaut.es\/acelerapyme\/wp-json\/wp\/v2\/users\/3"}],"replies":[{"embeddable":true,"href":"https:\/\/www.cidaut.es\/acelerapyme\/wp-json\/wp\/v2\/comments?post=2519"}],"version-history":[{"count":2,"href":"https:\/\/www.cidaut.es\/acelerapyme\/wp-json\/wp\/v2\/posts\/2519\/revisions"}],"predecessor-version":[{"id":2523,"href":"https:\/\/www.cidaut.es\/acelerapyme\/wp-json\/wp\/v2\/posts\/2519\/revisions\/2523"}],"wp:attachment":[{"href":"https:\/\/www.cidaut.es\/acelerapyme\/wp-json\/wp\/v2\/media?parent=2519"}],"wp:term":[{"taxonomy":"category","embeddable":true,"href":"https:\/\/www.cidaut.es\/acelerapyme\/wp-json\/wp\/v2\/categories?post=2519"},{"taxonomy":"post_tag","embeddable":true,"href":"https:\/\/www.cidaut.es\/acelerapyme\/wp-json\/wp\/v2\/tags?post=2519"}],"curies":[{"name":"wp","href":"https:\/\/api.w.org\/{rel}","templated":true}]}}