{"id":2526,"date":"2024-12-19T15:00:09","date_gmt":"2024-12-19T15:00:09","guid":{"rendered":"https:\/\/www.cidaut.es\/acelerapyme\/?p=2526"},"modified":"2024-12-19T15:00:10","modified_gmt":"2024-12-19T15:00:10","slug":"la-formacion-en-inteligencia-artificial-es-esencial-para-7-de-cada-10-trabajadores","status":"publish","type":"post","link":"https:\/\/www.cidaut.es\/acelerapyme\/la-formacion-en-inteligencia-artificial-es-esencial-para-7-de-cada-10-trabajadores\/","title":{"rendered":"La formaci\u00f3n en inteligencia artificial es esencial para 7 de cada 10 trabajadores\u00a0"},"content":{"rendered":"\n<figure class=\"wp-block-image aligncenter size-full\"><img loading=\"lazy\" decoding=\"async\" width=\"1200\" height=\"900\" src=\"https:\/\/www.cidaut.es\/acelerapyme\/wp-content\/uploads\/2024\/12\/inteligencia-cerebro.jpg\" alt=\"\" class=\"wp-image-2527\"\/><\/figure>\n\n\n\n<p>La influencia de la inteligencia artificial (IA) en el entorno de trabajo es cada vez m\u00e1s patente. Por eso 7 de cada 10 trabajadores consideran esencial formarse en esta tecnolog\u00eda. As\u00ed lo comunica Randstad Research, que ha publicado el estudio \u201cInteligencia Artificial y Recursos Humanos: hacia una gesti\u00f3n del talento m\u00e1s inteligente y humana\u201d, en el que afirma que el n\u00famero de especialistas de IA actualmente es escaso, destacando perfiles con conocimientos en inform\u00e1tica, ingenier\u00eda, matem\u00e1ticas y estad\u00edstica&nbsp; y detecta la necesidad de expertos en el desarrollo, la supervisi\u00f3n y la adaptaci\u00f3n de la inteligencia artificial.<\/p>\n\n\n\n<p class=\"has-cyan-bluish-gray-color has-text-color has-link-color wp-elements-2b77613e01e3b3830e440e9730ed813a\">Silicon<\/p>\n\n\n\n<p><\/p>\n\n\n\n<div class=\"wp-block-buttons is-layout-flex wp-block-buttons-is-layout-flex\">\n<div class=\"wp-block-button is-style-outline is-style-outline--1\"><a class=\"wp-block-button__link has-vivid-cyan-blue-color has-text-color has-link-color wp-element-button\" href=\"https:\/\/www.silicon.es\/la-formacion-en-inteligencia-artificial-es-esencial-para-7-de-cada-10-trabajadores-2560689\" style=\"border-radius:10px\">Leer<\/a><\/div>\n<\/div>\n","protected":false},"excerpt":{"rendered":"<p>La influencia de la inteligencia artificial (IA) en el entorno de trabajo es cada vez m\u00e1s patente. Por eso 7 de cada 10 trabajadores consideran esencial formarse en esta tecnolog\u00eda. As\u00ed lo comunica Randstad Research, que ha publicado el estudio \u201cInteligencia Artificial y Recursos Humanos: hacia una gesti\u00f3n del talento m\u00e1s inteligente y humana\u201d, en [&hellip;]<\/p>\n","protected":false},"author":3,"featured_media":0,"comment_status":"open","ping_status":"open","sticky":false,"template":"","format":"standard","meta":{"_et_pb_use_builder":"off","_et_pb_old_content":"","_et_gb_content_width":"","footnotes":""},"categories":[3],"tags":[],"class_list":["post-2526","post","type-post","status-publish","format-standard","hentry","category-noticias"],"_links":{"self":[{"href":"https:\/\/www.cidaut.es\/acelerapyme\/wp-json\/wp\/v2\/posts\/2526","targetHints":{"allow":["GET"]}}],"collection":[{"href":"https:\/\/www.cidaut.es\/acelerapyme\/wp-json\/wp\/v2\/posts"}],"about":[{"href":"https:\/\/www.cidaut.es\/acelerapyme\/wp-json\/wp\/v2\/types\/post"}],"author":[{"embeddable":true,"href":"https:\/\/www.cidaut.es\/acelerapyme\/wp-json\/wp\/v2\/users\/3"}],"replies":[{"embeddable":true,"href":"https:\/\/www.cidaut.es\/acelerapyme\/wp-json\/wp\/v2\/comments?post=2526"}],"version-history":[{"count":1,"href":"https:\/\/www.cidaut.es\/acelerapyme\/wp-json\/wp\/v2\/posts\/2526\/revisions"}],"predecessor-version":[{"id":2528,"href":"https:\/\/www.cidaut.es\/acelerapyme\/wp-json\/wp\/v2\/posts\/2526\/revisions\/2528"}],"wp:attachment":[{"href":"https:\/\/www.cidaut.es\/acelerapyme\/wp-json\/wp\/v2\/media?parent=2526"}],"wp:term":[{"taxonomy":"category","embeddable":true,"href":"https:\/\/www.cidaut.es\/acelerapyme\/wp-json\/wp\/v2\/categories?post=2526"},{"taxonomy":"post_tag","embeddable":true,"href":"https:\/\/www.cidaut.es\/acelerapyme\/wp-json\/wp\/v2\/tags?post=2526"}],"curies":[{"name":"wp","href":"https:\/\/api.w.org\/{rel}","templated":true}]}}