{"id":2753,"date":"2025-04-29T13:28:47","date_gmt":"2025-04-29T13:28:47","guid":{"rendered":"https:\/\/www.cidaut.es\/acelerapyme\/?p=2753"},"modified":"2025-04-29T13:28:48","modified_gmt":"2025-04-29T13:28:48","slug":"el-plan-espanol-para-cerrar-la-brecha-digital-antes-de-finalizar-2026","status":"publish","type":"post","link":"https:\/\/www.cidaut.es\/acelerapyme\/el-plan-espanol-para-cerrar-la-brecha-digital-antes-de-finalizar-2026\/","title":{"rendered":"El plan espa\u00f1ol para cerrar la brecha digital antes de finalizar 2026"},"content":{"rendered":"\n<figure class=\"wp-block-image aligncenter size-full\"><img loading=\"lazy\" decoding=\"async\" width=\"1200\" height=\"664\" src=\"https:\/\/www.cidaut.es\/acelerapyme\/wp-content\/uploads\/2025\/04\/brecha_digital.jpg\" alt=\"\" class=\"wp-image-2755\"\/><\/figure>\n\n\n\n<p>El ministro para la Transformaci\u00f3n Digital y de la Funci\u00f3n P\u00fablica, \u00d3scar L\u00f3pez, ha acordado con los gobiernos de las Comunidades Aut\u00f3nomas prolongar el programa de formaci\u00f3n en competencias digitales, una iniciativa pensada para que la ciudadan\u00eda adquiera competencias digitales, con un foco especial en mayores, mujeres, ni\u00f1as y colectivos vulnerables. Los Gobiernos auton\u00f3micos tendr\u00e1n ahora 6 meses m\u00e1s, hasta junio de 2026, para beneficiar con este programa a m\u00e1s de 660.000 personas.<\/p>\n\n\n\n<p>El acuerdo alcanzado modifica un acuerdo anterior de la Conferencia Sectorial y permitir\u00e1 a las comunidades ejecutar el presupuesto del programa seg\u00fan los cambios recogidos en la adenda espa\u00f1ola al Plan de Recuperaci\u00f3n, Transformaci\u00f3n y Resiliencia. El programa de competencias digitales del Ministerio para la Transformaci\u00f3n Digital y de la Funci\u00f3n P\u00fablica cuenta con un presupuesto de 140 millones de euros transferidos a los gobiernos auton\u00f3micos.<\/p>\n\n\n\n<p class=\"has-cyan-bluish-gray-color has-text-color has-link-color wp-elements-451f6bc50476ecef884eaf4f8553287d\">Smart Factory Magazine<\/p>\n\n\n\n<p><\/p>\n\n\n\n<div class=\"wp-block-buttons is-layout-flex wp-block-buttons-is-layout-flex\">\n<div class=\"wp-block-button is-style-outline is-style-outline--1\"><a class=\"wp-block-button__link has-vivid-cyan-blue-color has-white-background-color has-text-color has-background has-link-color wp-element-button\" href=\"https:\/\/www.smartfactorymagazine.es\/es\/noticia\/el-plan-espanol-para-cerrar-la-brecha-digital-antes-de-finalizar-2026\" style=\"border-radius:10px\">Leer<\/a><\/div>\n<\/div>\n","protected":false},"excerpt":{"rendered":"<p>El ministro para la Transformaci\u00f3n Digital y de la Funci\u00f3n P\u00fablica, \u00d3scar L\u00f3pez, ha acordado con los gobiernos de las Comunidades Aut\u00f3nomas prolongar el programa de formaci\u00f3n en competencias digitales, una iniciativa pensada para que la ciudadan\u00eda adquiera competencias digitales, con un foco especial en mayores, mujeres, ni\u00f1as y colectivos vulnerables. Los Gobiernos auton\u00f3micos tendr\u00e1n [&hellip;]<\/p>\n","protected":false},"author":3,"featured_media":0,"comment_status":"open","ping_status":"open","sticky":false,"template":"","format":"standard","meta":{"_et_pb_use_builder":"","_et_pb_old_content":"","_et_gb_content_width":"","footnotes":""},"categories":[3],"tags":[],"class_list":["post-2753","post","type-post","status-publish","format-standard","hentry","category-noticias"],"_links":{"self":[{"href":"https:\/\/www.cidaut.es\/acelerapyme\/wp-json\/wp\/v2\/posts\/2753","targetHints":{"allow":["GET"]}}],"collection":[{"href":"https:\/\/www.cidaut.es\/acelerapyme\/wp-json\/wp\/v2\/posts"}],"about":[{"href":"https:\/\/www.cidaut.es\/acelerapyme\/wp-json\/wp\/v2\/types\/post"}],"author":[{"embeddable":true,"href":"https:\/\/www.cidaut.es\/acelerapyme\/wp-json\/wp\/v2\/users\/3"}],"replies":[{"embeddable":true,"href":"https:\/\/www.cidaut.es\/acelerapyme\/wp-json\/wp\/v2\/comments?post=2753"}],"version-history":[{"count":1,"href":"https:\/\/www.cidaut.es\/acelerapyme\/wp-json\/wp\/v2\/posts\/2753\/revisions"}],"predecessor-version":[{"id":2756,"href":"https:\/\/www.cidaut.es\/acelerapyme\/wp-json\/wp\/v2\/posts\/2753\/revisions\/2756"}],"wp:attachment":[{"href":"https:\/\/www.cidaut.es\/acelerapyme\/wp-json\/wp\/v2\/media?parent=2753"}],"wp:term":[{"taxonomy":"category","embeddable":true,"href":"https:\/\/www.cidaut.es\/acelerapyme\/wp-json\/wp\/v2\/categories?post=2753"},{"taxonomy":"post_tag","embeddable":true,"href":"https:\/\/www.cidaut.es\/acelerapyme\/wp-json\/wp\/v2\/tags?post=2753"}],"curies":[{"name":"wp","href":"https:\/\/api.w.org\/{rel}","templated":true}]}}