{"id":627,"date":"2022-04-27T13:24:28","date_gmt":"2022-04-27T13:24:28","guid":{"rendered":"https:\/\/www.cidaut.es\/acelerapyme\/?p=627"},"modified":"2022-04-27T13:24:28","modified_gmt":"2022-04-27T13:24:28","slug":"nace-el-primer-observatorio-de-inteligencia-artificial-en-espana","status":"publish","type":"post","link":"https:\/\/www.cidaut.es\/acelerapyme\/nace-el-primer-observatorio-de-inteligencia-artificial-en-espana\/","title":{"rendered":"Nace el primer Observatorio de Inteligencia Artificial en Espa\u00f1a"},"content":{"rendered":"\n<div class=\"wp-block-image\"><figure class=\"aligncenter size-full\"><img loading=\"lazy\" decoding=\"async\" width=\"684\" height=\"513\" src=\"https:\/\/www.cidaut.es\/acelerapyme\/wp-content\/uploads\/2022\/04\/oiae.jpg\" alt=\"\" class=\"wp-image-607\"\/><\/figure><\/div>\n\n\n\n<p>La industria digital espa\u00f1ola no se quiere quedar atr\u00e1s y acaba de presentar el&nbsp;Observatorio de Inteligencia Artificial. Esta iniciativa, liderada por AMETIC, est\u00e1&nbsp;apoyada por Atos&nbsp;y cuenta con la presencia de grandes empresas de tecnolog\u00eda y consultor\u00eda, compa\u00f1\u00edas de sectores clave de la econom\u00eda, pymes y startups con un profundo conocimiento tecnol\u00f3gico y de nichos de mercado, universidades y centros de investigaci\u00f3n.<\/p>\n\n\n\n<p class=\"has-cyan-bluish-gray-color has-text-color\">Silicon<\/p>\n\n\n\n<div class=\"wp-block-buttons is-layout-flex wp-block-buttons-is-layout-flex\">\n<div class=\"wp-block-button is-style-outline is-style-outline--1\"><a class=\"wp-block-button__link has-vivid-cyan-blue-color has-text-color\" href=\"https:\/\/www.silicon.es\/nace-primer-observatorio-inteligencia-artificial-espana-2453850\" style=\"border-radius:10px\" target=\"_blank\" rel=\"noreferrer noopener\">Leer m\u00e1s<\/a><\/div>\n<\/div>\n","protected":false},"excerpt":{"rendered":"<p>La industria digital espa\u00f1ola no se quiere quedar atr\u00e1s y acaba de presentar el&nbsp;Observatorio de Inteligencia Artificial. Esta iniciativa, liderada por AMETIC, est\u00e1&nbsp;apoyada por Atos&nbsp;y cuenta con la presencia de grandes empresas de tecnolog\u00eda y consultor\u00eda, compa\u00f1\u00edas de sectores clave de la econom\u00eda, pymes y startups con un profundo conocimiento tecnol\u00f3gico y de nichos de [&hellip;]<\/p>\n","protected":false},"author":3,"featured_media":0,"comment_status":"open","ping_status":"open","sticky":false,"template":"","format":"standard","meta":{"_et_pb_use_builder":"","_et_pb_old_content":"","_et_gb_content_width":"","footnotes":""},"categories":[3],"tags":[],"class_list":["post-627","post","type-post","status-publish","format-standard","hentry","category-noticias"],"_links":{"self":[{"href":"https:\/\/www.cidaut.es\/acelerapyme\/wp-json\/wp\/v2\/posts\/627","targetHints":{"allow":["GET"]}}],"collection":[{"href":"https:\/\/www.cidaut.es\/acelerapyme\/wp-json\/wp\/v2\/posts"}],"about":[{"href":"https:\/\/www.cidaut.es\/acelerapyme\/wp-json\/wp\/v2\/types\/post"}],"author":[{"embeddable":true,"href":"https:\/\/www.cidaut.es\/acelerapyme\/wp-json\/wp\/v2\/users\/3"}],"replies":[{"embeddable":true,"href":"https:\/\/www.cidaut.es\/acelerapyme\/wp-json\/wp\/v2\/comments?post=627"}],"version-history":[{"count":3,"href":"https:\/\/www.cidaut.es\/acelerapyme\/wp-json\/wp\/v2\/posts\/627\/revisions"}],"predecessor-version":[{"id":632,"href":"https:\/\/www.cidaut.es\/acelerapyme\/wp-json\/wp\/v2\/posts\/627\/revisions\/632"}],"wp:attachment":[{"href":"https:\/\/www.cidaut.es\/acelerapyme\/wp-json\/wp\/v2\/media?parent=627"}],"wp:term":[{"taxonomy":"category","embeddable":true,"href":"https:\/\/www.cidaut.es\/acelerapyme\/wp-json\/wp\/v2\/categories?post=627"},{"taxonomy":"post_tag","embeddable":true,"href":"https:\/\/www.cidaut.es\/acelerapyme\/wp-json\/wp\/v2\/tags?post=627"}],"curies":[{"name":"wp","href":"https:\/\/api.w.org\/{rel}","templated":true}]}}