{"id":630,"date":"2022-04-27T13:25:00","date_gmt":"2022-04-27T13:25:00","guid":{"rendered":"https:\/\/www.cidaut.es\/acelerapyme\/?p=630"},"modified":"2022-04-27T13:25:01","modified_gmt":"2022-04-27T13:25:01","slug":"ciencia-e-innovacion-destina-54-millones-de-euros-al-plan-complementario-de-comunicacion-cuantica-para-reforzar-la-ciberseguridad-a-traves-de-la-idi","status":"publish","type":"post","link":"https:\/\/www.cidaut.es\/acelerapyme\/ciencia-e-innovacion-destina-54-millones-de-euros-al-plan-complementario-de-comunicacion-cuantica-para-reforzar-la-ciberseguridad-a-traves-de-la-idi\/","title":{"rendered":"Ciencia e Innovaci\u00f3n destina 54 millones de euros al Plan Complementario de Comunicaci\u00f3n Cu\u00e1ntica para reforzar la ciberseguridad a trav\u00e9s de la I+D+I"},"content":{"rendered":"\n<div class=\"wp-block-image\"><figure class=\"aligncenter size-full\"><img loading=\"lazy\" decoding=\"async\" width=\"698\" height=\"465\" src=\"https:\/\/www.cidaut.es\/acelerapyme\/wp-content\/uploads\/2022\/04\/comunicacion_cuantica.jpg\" alt=\"\" class=\"wp-image-601\"\/><\/figure><\/div>\n\n\n\n<p>La ministra de Ciencia e Innovaci\u00f3n, Diana Morant, ha presentado el&nbsp;Plan Complementario de Comunicaci\u00f3n Cu\u00e1ntica, un programa de investigaci\u00f3n cogobernando y cofinanciado entre el Gobierno y las comunidades aut\u00f3nomas para impulsar el desarrollo y la implementaci\u00f3n de tecnolog\u00edas digitales cu\u00e1nticas y reforzar la ciberseguridad en Espa\u00f1a.<\/p>\n\n\n\n<p class=\"has-cyan-bluish-gray-color has-text-color\">Plan de Recuperaci\u00f3n, Transformaci\u00f3n y Resiliencia<\/p>\n\n\n\n<div class=\"wp-block-buttons is-layout-flex wp-block-buttons-is-layout-flex\">\n<div class=\"wp-block-button is-style-outline is-style-outline--1\"><a class=\"wp-block-button__link has-vivid-cyan-blue-color has-text-color\" href=\"https:\/\/planderecuperacion.gob.es\/noticias\/ciencia-e-innovacion-destina-54-millones-de-euros-al-plan-complementario-de-comunicacion\" style=\"border-radius:10px\" target=\"_blank\" rel=\"noreferrer noopener\">Leer m\u00e1s<\/a><\/div>\n<\/div>\n","protected":false},"excerpt":{"rendered":"<p>La ministra de Ciencia e Innovaci\u00f3n, Diana Morant, ha presentado el&nbsp;Plan Complementario de Comunicaci\u00f3n Cu\u00e1ntica, un programa de investigaci\u00f3n cogobernando y cofinanciado entre el Gobierno y las comunidades aut\u00f3nomas para impulsar el desarrollo y la implementaci\u00f3n de tecnolog\u00edas digitales cu\u00e1nticas y reforzar la ciberseguridad en Espa\u00f1a. Plan de Recuperaci\u00f3n, Transformaci\u00f3n y Resiliencia<\/p>\n","protected":false},"author":3,"featured_media":0,"comment_status":"open","ping_status":"open","sticky":false,"template":"","format":"standard","meta":{"_et_pb_use_builder":"","_et_pb_old_content":"","_et_gb_content_width":"","footnotes":""},"categories":[3],"tags":[],"class_list":["post-630","post","type-post","status-publish","format-standard","hentry","category-noticias"],"_links":{"self":[{"href":"https:\/\/www.cidaut.es\/acelerapyme\/wp-json\/wp\/v2\/posts\/630","targetHints":{"allow":["GET"]}}],"collection":[{"href":"https:\/\/www.cidaut.es\/acelerapyme\/wp-json\/wp\/v2\/posts"}],"about":[{"href":"https:\/\/www.cidaut.es\/acelerapyme\/wp-json\/wp\/v2\/types\/post"}],"author":[{"embeddable":true,"href":"https:\/\/www.cidaut.es\/acelerapyme\/wp-json\/wp\/v2\/users\/3"}],"replies":[{"embeddable":true,"href":"https:\/\/www.cidaut.es\/acelerapyme\/wp-json\/wp\/v2\/comments?post=630"}],"version-history":[{"count":3,"href":"https:\/\/www.cidaut.es\/acelerapyme\/wp-json\/wp\/v2\/posts\/630\/revisions"}],"predecessor-version":[{"id":634,"href":"https:\/\/www.cidaut.es\/acelerapyme\/wp-json\/wp\/v2\/posts\/630\/revisions\/634"}],"wp:attachment":[{"href":"https:\/\/www.cidaut.es\/acelerapyme\/wp-json\/wp\/v2\/media?parent=630"}],"wp:term":[{"taxonomy":"category","embeddable":true,"href":"https:\/\/www.cidaut.es\/acelerapyme\/wp-json\/wp\/v2\/categories?post=630"},{"taxonomy":"post_tag","embeddable":true,"href":"https:\/\/www.cidaut.es\/acelerapyme\/wp-json\/wp\/v2\/tags?post=630"}],"curies":[{"name":"wp","href":"https:\/\/api.w.org\/{rel}","templated":true}]}}