{"id":704,"date":"2022-05-30T14:08:10","date_gmt":"2022-05-30T14:08:10","guid":{"rendered":"https:\/\/www.cidaut.es\/acelerapyme\/?p=704"},"modified":"2022-05-30T14:08:11","modified_gmt":"2022-05-30T14:08:11","slug":"digitalizar-la-empresa-ganar-competitividad","status":"publish","type":"post","link":"https:\/\/www.cidaut.es\/acelerapyme\/digitalizar-la-empresa-ganar-competitividad\/","title":{"rendered":"Digitalizar la empresa, ganar competitividad"},"content":{"rendered":"\n<div class=\"wp-block-image\"><figure class=\"aligncenter size-full is-resized\"><img loading=\"lazy\" decoding=\"async\" src=\"https:\/\/www.cidaut.es\/acelerapyme\/wp-content\/uploads\/2022\/05\/digitalizar-empresa.jpg\" alt=\"\" class=\"wp-image-671\" width=\"700\" height=\"400\"\/><\/figure><\/div>\n\n\n\n<p>Reflexiones que dej\u00f3 en el foro virtual organizado por Promecal y BBVA bajo el t\u00edtulo &#8216;Fondos europeos: una oportunidad para la digitalizaci\u00f3n de tu negocio&#8217;, y en el que tambi\u00e9n particip\u00f3 Marta Cunill, Senior Manager de Minsait Business Consulting, consultora especializada en transformaci\u00f3n tecnol\u00f3gica que desgran\u00f3 las enormes posibilidades que ofrece el llamado &#8216;kit digital&#8217; que ha puesto Europa a disposici\u00f3n de las empresas espa\u00f1olas.<\/p>\n\n\n\n<p class=\"has-cyan-bluish-gray-color has-text-color\">El D\u00eda de Valladolid<\/p>\n\n\n\n<p><\/p>\n\n\n\n<div class=\"wp-block-buttons is-layout-flex wp-block-buttons-is-layout-flex\">\n<div class=\"wp-block-button is-style-outline is-style-outline--1\"><a class=\"wp-block-button__link has-vivid-cyan-blue-color has-text-color\" href=\"https:\/\/www.eldiadevalladolid.com\/Noticia\/Z39D8EA6D-91D7-1708-29F688B1507167CE\/202205\/Digitalizar-la-empresa-ganar-competitividad\" style=\"border-radius:10px\">Leer<\/a><\/div>\n<\/div>\n","protected":false},"excerpt":{"rendered":"<p>Reflexiones que dej\u00f3 en el foro virtual organizado por Promecal y BBVA bajo el t\u00edtulo &#8216;Fondos europeos: una oportunidad para la digitalizaci\u00f3n de tu negocio&#8217;, y en el que tambi\u00e9n particip\u00f3 Marta Cunill, Senior Manager de Minsait Business Consulting, consultora especializada en transformaci\u00f3n tecnol\u00f3gica que desgran\u00f3 las enormes posibilidades que ofrece el llamado &#8216;kit digital&#8217; [&hellip;]<\/p>\n","protected":false},"author":3,"featured_media":0,"comment_status":"open","ping_status":"open","sticky":false,"template":"","format":"standard","meta":{"_et_pb_use_builder":"","_et_pb_old_content":"","_et_gb_content_width":"","footnotes":""},"categories":[3],"tags":[],"class_list":["post-704","post","type-post","status-publish","format-standard","hentry","category-noticias"],"_links":{"self":[{"href":"https:\/\/www.cidaut.es\/acelerapyme\/wp-json\/wp\/v2\/posts\/704","targetHints":{"allow":["GET"]}}],"collection":[{"href":"https:\/\/www.cidaut.es\/acelerapyme\/wp-json\/wp\/v2\/posts"}],"about":[{"href":"https:\/\/www.cidaut.es\/acelerapyme\/wp-json\/wp\/v2\/types\/post"}],"author":[{"embeddable":true,"href":"https:\/\/www.cidaut.es\/acelerapyme\/wp-json\/wp\/v2\/users\/3"}],"replies":[{"embeddable":true,"href":"https:\/\/www.cidaut.es\/acelerapyme\/wp-json\/wp\/v2\/comments?post=704"}],"version-history":[{"count":1,"href":"https:\/\/www.cidaut.es\/acelerapyme\/wp-json\/wp\/v2\/posts\/704\/revisions"}],"predecessor-version":[{"id":705,"href":"https:\/\/www.cidaut.es\/acelerapyme\/wp-json\/wp\/v2\/posts\/704\/revisions\/705"}],"wp:attachment":[{"href":"https:\/\/www.cidaut.es\/acelerapyme\/wp-json\/wp\/v2\/media?parent=704"}],"wp:term":[{"taxonomy":"category","embeddable":true,"href":"https:\/\/www.cidaut.es\/acelerapyme\/wp-json\/wp\/v2\/categories?post=704"},{"taxonomy":"post_tag","embeddable":true,"href":"https:\/\/www.cidaut.es\/acelerapyme\/wp-json\/wp\/v2\/tags?post=704"}],"curies":[{"name":"wp","href":"https:\/\/api.w.org\/{rel}","templated":true}]}}