{"id":706,"date":"2022-05-30T14:07:56","date_gmt":"2022-05-30T14:07:56","guid":{"rendered":"https:\/\/www.cidaut.es\/acelerapyme\/?p=706"},"modified":"2022-05-30T14:07:56","modified_gmt":"2022-05-30T14:07:56","slug":"el-programa-eje-digital-busca-mejorar-las-competencias-digitales-de-la-poblacion-del-medio-rural","status":"publish","type":"post","link":"https:\/\/www.cidaut.es\/acelerapyme\/el-programa-eje-digital-busca-mejorar-las-competencias-digitales-de-la-poblacion-del-medio-rural\/","title":{"rendered":"El programa Eje Digital busca mejorar las competencias digitales de la poblaci\u00f3n del medio rural"},"content":{"rendered":"\n<div class=\"wp-block-image\"><figure class=\"aligncenter size-full is-resized\"><img decoding=\"async\" src=\"https:\/\/www.cidaut.es\/acelerapyme\/wp-content\/uploads\/2022\/05\/eje-digital.png\" alt=\"\" class=\"wp-image-672\" width=\"700\"\/><\/figure><\/div>\n\n\n\n<p>La Fundaci\u00f3n Cibervoluntarios y el&nbsp;Grupo Red El\u00e9ctrica&nbsp;han puesto en marcha el programa Eje Digital, cuyo objetivo es mejorar las competencias digitales de las personas que viven en poblaciones rurales ubicadas en el entorno de las infraestructuras del Grupo. As\u00ed, busca favorecer la reactivaci\u00f3n econ\u00f3mica y social, cerrar la brecha digital y eliminar la desigualdad.<\/p>\n\n\n\n<p class=\"has-cyan-bluish-gray-color has-text-color\">Esmartcity<\/p>\n\n\n\n<p><\/p>\n\n\n\n<div class=\"wp-block-buttons is-layout-flex wp-block-buttons-is-layout-flex\">\n<div class=\"wp-block-button is-style-outline is-style-outline--1\"><a class=\"wp-block-button__link has-vivid-cyan-blue-color has-text-color\" href=\"https:\/\/www.esmartcity.es\/2022\/05\/18\/programa-eje-digital-busca-mejorar-competencias-digitales-poblacion-medio-rural\" style=\"border-radius:10px\">Leer<\/a><\/div>\n<\/div>\n","protected":false},"excerpt":{"rendered":"<p>La Fundaci\u00f3n Cibervoluntarios y el&nbsp;Grupo Red El\u00e9ctrica&nbsp;han puesto en marcha el programa Eje Digital, cuyo objetivo es mejorar las competencias digitales de las personas que viven en poblaciones rurales ubicadas en el entorno de las infraestructuras del Grupo. As\u00ed, busca favorecer la reactivaci\u00f3n econ\u00f3mica y social, cerrar la brecha digital y eliminar la desigualdad. Esmartcity<\/p>\n","protected":false},"author":3,"featured_media":0,"comment_status":"open","ping_status":"open","sticky":false,"template":"","format":"standard","meta":{"_et_pb_use_builder":"","_et_pb_old_content":"","_et_gb_content_width":"","footnotes":""},"categories":[3],"tags":[],"class_list":["post-706","post","type-post","status-publish","format-standard","hentry","category-noticias"],"_links":{"self":[{"href":"https:\/\/www.cidaut.es\/acelerapyme\/wp-json\/wp\/v2\/posts\/706","targetHints":{"allow":["GET"]}}],"collection":[{"href":"https:\/\/www.cidaut.es\/acelerapyme\/wp-json\/wp\/v2\/posts"}],"about":[{"href":"https:\/\/www.cidaut.es\/acelerapyme\/wp-json\/wp\/v2\/types\/post"}],"author":[{"embeddable":true,"href":"https:\/\/www.cidaut.es\/acelerapyme\/wp-json\/wp\/v2\/users\/3"}],"replies":[{"embeddable":true,"href":"https:\/\/www.cidaut.es\/acelerapyme\/wp-json\/wp\/v2\/comments?post=706"}],"version-history":[{"count":1,"href":"https:\/\/www.cidaut.es\/acelerapyme\/wp-json\/wp\/v2\/posts\/706\/revisions"}],"predecessor-version":[{"id":707,"href":"https:\/\/www.cidaut.es\/acelerapyme\/wp-json\/wp\/v2\/posts\/706\/revisions\/707"}],"wp:attachment":[{"href":"https:\/\/www.cidaut.es\/acelerapyme\/wp-json\/wp\/v2\/media?parent=706"}],"wp:term":[{"taxonomy":"category","embeddable":true,"href":"https:\/\/www.cidaut.es\/acelerapyme\/wp-json\/wp\/v2\/categories?post=706"},{"taxonomy":"post_tag","embeddable":true,"href":"https:\/\/www.cidaut.es\/acelerapyme\/wp-json\/wp\/v2\/tags?post=706"}],"curies":[{"name":"wp","href":"https:\/\/api.w.org\/{rel}","templated":true}]}}