{"id":731,"date":"2022-06-28T12:49:43","date_gmt":"2022-06-28T12:49:43","guid":{"rendered":"https:\/\/www.cidaut.es\/acelerapyme\/?p=731"},"modified":"2022-06-28T12:49:44","modified_gmt":"2022-06-28T12:49:44","slug":"europa-contara-con-la-primera-legislacion-sobre-inteligencia-artificial-en-el-mundo","status":"publish","type":"post","link":"https:\/\/www.cidaut.es\/acelerapyme\/europa-contara-con-la-primera-legislacion-sobre-inteligencia-artificial-en-el-mundo\/","title":{"rendered":"Europa contar\u00e1 con la primera legislaci\u00f3n sobre Inteligencia Artificial en el mundo"},"content":{"rendered":"\n<div class=\"wp-block-image\"><figure class=\"aligncenter size-full is-resized\"><img loading=\"lazy\" decoding=\"async\" src=\"https:\/\/www.cidaut.es\/acelerapyme\/wp-content\/uploads\/2022\/06\/parlamento-europeo.jpeg\" alt=\"\" class=\"wp-image-754\" width=\"700\" height=\"400\"\/><\/figure><\/div>\n\n\n\n<p>A pesar de que la Inteligencia Artificial (IA) cada vez est\u00e9 m\u00e1s en auge, todav\u00eda no tiene su propia regulaci\u00f3n. Con este contexto, Europa va a ser pionera y se va a convertir en la primera comunidad que tenga una ley que regule las IA. El objetivo es potenciar esta industria al mismo tiempo que contemplan todos los riesgos que ello conlleva.<\/p>\n\n\n\n<p class=\"has-cyan-bluish-gray-color has-text-color\">20 minutos<\/p>\n\n\n\n<p><\/p>\n\n\n\n<div class=\"wp-block-buttons is-layout-flex wp-block-buttons-is-layout-flex\">\n<div class=\"wp-block-button is-style-outline is-style-outline--1\"><a class=\"wp-block-button__link has-vivid-cyan-blue-color has-text-color\" href=\"https:\/\/www.20minutos.es\/tecnologia\/actualidad\/europa-sera-pionera-con-la-primera-legislacion-sobre-inteligencia-artificial-en-el-mundo-4994928\/\" style=\"border-radius:10px\">Leer<\/a><\/div>\n<\/div>\n\n\n\n<p><\/p>\n","protected":false},"excerpt":{"rendered":"<p>A pesar de que la Inteligencia Artificial (IA) cada vez est\u00e9 m\u00e1s en auge, todav\u00eda no tiene su propia regulaci\u00f3n. Con este contexto, Europa va a ser pionera y se va a convertir en la primera comunidad que tenga una ley que regule las IA. El objetivo es potenciar esta industria al mismo tiempo que [&hellip;]<\/p>\n","protected":false},"author":3,"featured_media":0,"comment_status":"open","ping_status":"open","sticky":false,"template":"","format":"standard","meta":{"_et_pb_use_builder":"","_et_pb_old_content":"","_et_gb_content_width":"","footnotes":""},"categories":[3],"tags":[],"class_list":["post-731","post","type-post","status-publish","format-standard","hentry","category-noticias"],"_links":{"self":[{"href":"https:\/\/www.cidaut.es\/acelerapyme\/wp-json\/wp\/v2\/posts\/731","targetHints":{"allow":["GET"]}}],"collection":[{"href":"https:\/\/www.cidaut.es\/acelerapyme\/wp-json\/wp\/v2\/posts"}],"about":[{"href":"https:\/\/www.cidaut.es\/acelerapyme\/wp-json\/wp\/v2\/types\/post"}],"author":[{"embeddable":true,"href":"https:\/\/www.cidaut.es\/acelerapyme\/wp-json\/wp\/v2\/users\/3"}],"replies":[{"embeddable":true,"href":"https:\/\/www.cidaut.es\/acelerapyme\/wp-json\/wp\/v2\/comments?post=731"}],"version-history":[{"count":2,"href":"https:\/\/www.cidaut.es\/acelerapyme\/wp-json\/wp\/v2\/posts\/731\/revisions"}],"predecessor-version":[{"id":768,"href":"https:\/\/www.cidaut.es\/acelerapyme\/wp-json\/wp\/v2\/posts\/731\/revisions\/768"}],"wp:attachment":[{"href":"https:\/\/www.cidaut.es\/acelerapyme\/wp-json\/wp\/v2\/media?parent=731"}],"wp:term":[{"taxonomy":"category","embeddable":true,"href":"https:\/\/www.cidaut.es\/acelerapyme\/wp-json\/wp\/v2\/categories?post=731"},{"taxonomy":"post_tag","embeddable":true,"href":"https:\/\/www.cidaut.es\/acelerapyme\/wp-json\/wp\/v2\/tags?post=731"}],"curies":[{"name":"wp","href":"https:\/\/api.w.org\/{rel}","templated":true}]}}