{"id":737,"date":"2022-06-28T12:48:07","date_gmt":"2022-06-28T12:48:07","guid":{"rendered":"https:\/\/www.cidaut.es\/acelerapyme\/?p=737"},"modified":"2022-06-28T12:48:07","modified_gmt":"2022-06-28T12:48:07","slug":"digitalizar-las-pymes-permitiria-aumentar-un-7-el-pib","status":"publish","type":"post","link":"https:\/\/www.cidaut.es\/acelerapyme\/digitalizar-las-pymes-permitiria-aumentar-un-7-el-pib\/","title":{"rendered":"Digitalizar las pymes permitir\u00eda aumentar un 7 % el PIB"},"content":{"rendered":"\n<div class=\"wp-block-image\"><figure class=\"aligncenter size-full is-resized\"><img loading=\"lazy\" decoding=\"async\" src=\"https:\/\/www.cidaut.es\/acelerapyme\/wp-content\/uploads\/2022\/06\/digitalizacion.jpg\" alt=\"\" class=\"wp-image-750\" width=\"700\" height=\"400\"\/><\/figure><\/div>\n\n\n\n<p>Con casi un 90 % de las empresas espa\u00f1olas enmarcadas en la tipolog\u00eda de pymes, de las cuales adem\u00e1s un 94 % son micropymes, y ante&nbsp;la celebraci\u00f3n este martes 17 de mayo del D\u00eda de Internet, desde la empresa de hosting y alojamiento web Acens han aprovechado para recordar que&nbsp;si las pymes se digitalizaran podr\u00eda aumentarse el PIB de Espa\u00f1a hasta un 7 %.<\/p>\n\n\n\n<p class=\"has-cyan-bluish-gray-color has-text-color\">Silicon<\/p>\n\n\n\n<p><\/p>\n\n\n\n<div class=\"wp-block-buttons is-layout-flex wp-block-buttons-is-layout-flex\">\n<div class=\"wp-block-button is-style-outline is-style-outline--1\"><a class=\"wp-block-button__link has-vivid-cyan-blue-color has-text-color\" href=\"https:\/\/www.silicon.es\/digitalizar-las-pymes-permitiria-aumentar-un-7-el-pib-2457749\" style=\"border-radius:10px\">Leer<\/a><\/div>\n<\/div>\n\n\n\n<p><\/p>\n","protected":false},"excerpt":{"rendered":"<p>Con casi un 90 % de las empresas espa\u00f1olas enmarcadas en la tipolog\u00eda de pymes, de las cuales adem\u00e1s un 94 % son micropymes, y ante&nbsp;la celebraci\u00f3n este martes 17 de mayo del D\u00eda de Internet, desde la empresa de hosting y alojamiento web Acens han aprovechado para recordar que&nbsp;si las pymes se digitalizaran podr\u00eda [&hellip;]<\/p>\n","protected":false},"author":3,"featured_media":0,"comment_status":"open","ping_status":"open","sticky":false,"template":"","format":"standard","meta":{"_et_pb_use_builder":"","_et_pb_old_content":"","_et_gb_content_width":"","footnotes":""},"categories":[3],"tags":[],"class_list":["post-737","post","type-post","status-publish","format-standard","hentry","category-noticias"],"_links":{"self":[{"href":"https:\/\/www.cidaut.es\/acelerapyme\/wp-json\/wp\/v2\/posts\/737","targetHints":{"allow":["GET"]}}],"collection":[{"href":"https:\/\/www.cidaut.es\/acelerapyme\/wp-json\/wp\/v2\/posts"}],"about":[{"href":"https:\/\/www.cidaut.es\/acelerapyme\/wp-json\/wp\/v2\/types\/post"}],"author":[{"embeddable":true,"href":"https:\/\/www.cidaut.es\/acelerapyme\/wp-json\/wp\/v2\/users\/3"}],"replies":[{"embeddable":true,"href":"https:\/\/www.cidaut.es\/acelerapyme\/wp-json\/wp\/v2\/comments?post=737"}],"version-history":[{"count":2,"href":"https:\/\/www.cidaut.es\/acelerapyme\/wp-json\/wp\/v2\/posts\/737\/revisions"}],"predecessor-version":[{"id":766,"href":"https:\/\/www.cidaut.es\/acelerapyme\/wp-json\/wp\/v2\/posts\/737\/revisions\/766"}],"wp:attachment":[{"href":"https:\/\/www.cidaut.es\/acelerapyme\/wp-json\/wp\/v2\/media?parent=737"}],"wp:term":[{"taxonomy":"category","embeddable":true,"href":"https:\/\/www.cidaut.es\/acelerapyme\/wp-json\/wp\/v2\/categories?post=737"},{"taxonomy":"post_tag","embeddable":true,"href":"https:\/\/www.cidaut.es\/acelerapyme\/wp-json\/wp\/v2\/tags?post=737"}],"curies":[{"name":"wp","href":"https:\/\/api.w.org\/{rel}","templated":true}]}}