{"id":773,"date":"2022-08-01T10:25:55","date_gmt":"2022-08-01T10:25:55","guid":{"rendered":"https:\/\/www.cidaut.es\/acelerapyme\/?p=773"},"modified":"2022-08-01T10:25:56","modified_gmt":"2022-08-01T10:25:56","slug":"el-gobierno-actualiza-la-agenda-espana-digital-para-el-horizonte-2026-y-acelera-el-despliegue-de-sus-inversiones","status":"publish","type":"post","link":"https:\/\/www.cidaut.es\/acelerapyme\/el-gobierno-actualiza-la-agenda-espana-digital-para-el-horizonte-2026-y-acelera-el-despliegue-de-sus-inversiones\/","title":{"rendered":"El Gobierno actualiza la Agenda Espa\u00f1a Digital para el horizonte 2026 y acelera el despliegue de sus inversiones"},"content":{"rendered":"\n<div class=\"wp-block-image\"><figure class=\"aligncenter size-full\"><img loading=\"lazy\" decoding=\"async\" width=\"1024\" height=\"576\" src=\"https:\/\/www.cidaut.es\/acelerapyme\/wp-content\/uploads\/2022\/07\/agenda.jpg\" alt=\"\" class=\"wp-image-809\"\/><\/figure><\/div>\n\n\n\n<p>El Gobierno ha actualizado la Agenda Espa\u00f1a Digital, la iniciativa lanzada en julio de 2020 para impulsar el proceso de transformaci\u00f3n digital del pa\u00eds, con el fin de hacer balance del camino recorrido, adaptarla al horizonte 2026, mejorar su alineamiento con el Plan de Recuperaci\u00f3n e impulsar proyectos estrat\u00e9gicos de gran impacto a trav\u00e9s de la colaboraci\u00f3n p\u00fablico-privada y la cogobernanza con las comunidades aut\u00f3nomas.<\/p>\n\n\n\n<p class=\"has-cyan-bluish-gray-color has-text-color\">Ministerio de Asuntos Econ\u00f3micos y Transformaci\u00f3n Digital<\/p>\n\n\n\n<p><\/p>\n\n\n\n<div class=\"wp-block-buttons is-layout-flex wp-block-buttons-is-layout-flex\">\n<div class=\"wp-block-button is-style-outline is-style-outline--1\"><a class=\"wp-block-button__link has-vivid-cyan-blue-color has-text-color\" href=\"https:\/\/portal.mineco.gob.es\/es-es\/comunicacion\/Paginas\/220705_np_espa%C3%B1a.aspx\" style=\"border-radius:10px\">Leer<\/a><\/div>\n<\/div>\n","protected":false},"excerpt":{"rendered":"<p>El Gobierno ha actualizado la Agenda Espa\u00f1a Digital, la iniciativa lanzada en julio de 2020 para impulsar el proceso de transformaci\u00f3n digital del pa\u00eds, con el fin de hacer balance del camino recorrido, adaptarla al horizonte 2026, mejorar su alineamiento con el Plan de Recuperaci\u00f3n e impulsar proyectos estrat\u00e9gicos de gran impacto a trav\u00e9s de [&hellip;]<\/p>\n","protected":false},"author":3,"featured_media":0,"comment_status":"open","ping_status":"open","sticky":false,"template":"","format":"standard","meta":{"_et_pb_use_builder":"","_et_pb_old_content":"","_et_gb_content_width":"","footnotes":""},"categories":[3],"tags":[],"class_list":["post-773","post","type-post","status-publish","format-standard","hentry","category-noticias"],"_links":{"self":[{"href":"https:\/\/www.cidaut.es\/acelerapyme\/wp-json\/wp\/v2\/posts\/773","targetHints":{"allow":["GET"]}}],"collection":[{"href":"https:\/\/www.cidaut.es\/acelerapyme\/wp-json\/wp\/v2\/posts"}],"about":[{"href":"https:\/\/www.cidaut.es\/acelerapyme\/wp-json\/wp\/v2\/types\/post"}],"author":[{"embeddable":true,"href":"https:\/\/www.cidaut.es\/acelerapyme\/wp-json\/wp\/v2\/users\/3"}],"replies":[{"embeddable":true,"href":"https:\/\/www.cidaut.es\/acelerapyme\/wp-json\/wp\/v2\/comments?post=773"}],"version-history":[{"count":2,"href":"https:\/\/www.cidaut.es\/acelerapyme\/wp-json\/wp\/v2\/posts\/773\/revisions"}],"predecessor-version":[{"id":833,"href":"https:\/\/www.cidaut.es\/acelerapyme\/wp-json\/wp\/v2\/posts\/773\/revisions\/833"}],"wp:attachment":[{"href":"https:\/\/www.cidaut.es\/acelerapyme\/wp-json\/wp\/v2\/media?parent=773"}],"wp:term":[{"taxonomy":"category","embeddable":true,"href":"https:\/\/www.cidaut.es\/acelerapyme\/wp-json\/wp\/v2\/categories?post=773"},{"taxonomy":"post_tag","embeddable":true,"href":"https:\/\/www.cidaut.es\/acelerapyme\/wp-json\/wp\/v2\/tags?post=773"}],"curies":[{"name":"wp","href":"https:\/\/api.w.org\/{rel}","templated":true}]}}