{"id":792,"date":"2022-08-01T10:09:29","date_gmt":"2022-08-01T10:09:29","guid":{"rendered":"https:\/\/www.cidaut.es\/acelerapyme\/?p=792"},"modified":"2022-08-01T10:10:09","modified_gmt":"2022-08-01T10:10:09","slug":"que-tipo-de-software-empresarial-elegir-para-mi-negocio-crm-o-erp","status":"publish","type":"post","link":"https:\/\/www.cidaut.es\/acelerapyme\/que-tipo-de-software-empresarial-elegir-para-mi-negocio-crm-o-erp\/","title":{"rendered":"Qu\u00e9 tipo de software empresarial elegir para mi negocio: CRM o ERP"},"content":{"rendered":"\n<div class=\"wp-block-image\"><figure class=\"aligncenter size-full is-resized\"><img loading=\"lazy\" decoding=\"async\" src=\"https:\/\/www.cidaut.es\/acelerapyme\/wp-content\/uploads\/2022\/07\/crm.jpg\" alt=\"\" class=\"wp-image-811\" width=\"800\" height=\"600\"\/><\/figure><\/div>\n\n\n\n<p>En los \u00faltimos a\u00f1os,&nbsp;las compa\u00f1\u00edas han tenido que acelerar su salto a la digitalizaci\u00f3n. Las plataformas online, las p\u00e1ginas web, las redes sociales, las tiendas en l\u00ednea&#8230; El&nbsp;panorama digitalha crecido a un ritmo exponencial, aunque todav\u00eda hay empresas que no han dado el salto por completo y se siguen planteando qu\u00e9 camino seguir para convertirse y adaptarse a los tiempos que corren.<\/p>\n\n\n\n<p class=\"has-cyan-bluish-gray-color has-text-color\">Diario de Valladolid \u2013 El Mundo<\/p>\n\n\n\n<p><\/p>\n\n\n\n<div class=\"wp-block-buttons is-layout-flex wp-block-buttons-is-layout-flex\">\n<div class=\"wp-block-button is-style-outline is-style-outline--1\"><a class=\"wp-block-button__link has-vivid-cyan-blue-color has-text-color\" href=\"https:\/\/diariodevalladolid.elmundo.es\/articulo\/gente\/que-tipo-software-empresarial-elegir-negocio-crm-erp\/20220614171706426926.html\" style=\"border-radius:10px\">Leer<\/a><\/div>\n<\/div>\n","protected":false},"excerpt":{"rendered":"<p>En los \u00faltimos a\u00f1os,&nbsp;las compa\u00f1\u00edas han tenido que acelerar su salto a la digitalizaci\u00f3n. Las plataformas online, las p\u00e1ginas web, las redes sociales, las tiendas en l\u00ednea&#8230; El&nbsp;panorama digitalha crecido a un ritmo exponencial, aunque todav\u00eda hay empresas que no han dado el salto por completo y se siguen planteando qu\u00e9 camino seguir para convertirse [&hellip;]<\/p>\n","protected":false},"author":3,"featured_media":0,"comment_status":"open","ping_status":"open","sticky":false,"template":"","format":"standard","meta":{"_et_pb_use_builder":"","_et_pb_old_content":"","_et_gb_content_width":"","footnotes":""},"categories":[3],"tags":[],"class_list":["post-792","post","type-post","status-publish","format-standard","hentry","category-noticias"],"_links":{"self":[{"href":"https:\/\/www.cidaut.es\/acelerapyme\/wp-json\/wp\/v2\/posts\/792","targetHints":{"allow":["GET"]}}],"collection":[{"href":"https:\/\/www.cidaut.es\/acelerapyme\/wp-json\/wp\/v2\/posts"}],"about":[{"href":"https:\/\/www.cidaut.es\/acelerapyme\/wp-json\/wp\/v2\/types\/post"}],"author":[{"embeddable":true,"href":"https:\/\/www.cidaut.es\/acelerapyme\/wp-json\/wp\/v2\/users\/3"}],"replies":[{"embeddable":true,"href":"https:\/\/www.cidaut.es\/acelerapyme\/wp-json\/wp\/v2\/comments?post=792"}],"version-history":[{"count":4,"href":"https:\/\/www.cidaut.es\/acelerapyme\/wp-json\/wp\/v2\/posts\/792\/revisions"}],"predecessor-version":[{"id":819,"href":"https:\/\/www.cidaut.es\/acelerapyme\/wp-json\/wp\/v2\/posts\/792\/revisions\/819"}],"wp:attachment":[{"href":"https:\/\/www.cidaut.es\/acelerapyme\/wp-json\/wp\/v2\/media?parent=792"}],"wp:term":[{"taxonomy":"category","embeddable":true,"href":"https:\/\/www.cidaut.es\/acelerapyme\/wp-json\/wp\/v2\/categories?post=792"},{"taxonomy":"post_tag","embeddable":true,"href":"https:\/\/www.cidaut.es\/acelerapyme\/wp-json\/wp\/v2\/tags?post=792"}],"curies":[{"name":"wp","href":"https:\/\/api.w.org\/{rel}","templated":true}]}}